{"id":7721,"date":"2025-03-09T19:14:31","date_gmt":"2025-03-09T19:14:31","guid":{"rendered":"https:\/\/rr.unv-informacion.xyz\/?p=7721"},"modified":"2025-03-09T19:14:33","modified_gmt":"2025-03-09T19:14:33","slug":"madre-y-su-bebe-fallecen-durante-el-parto-en-fantino","status":"publish","type":"post","link":"https:\/\/rr.unv-informacion.xyz\/?p=7721","title":{"rendered":"Madre y su beb\u00e9 fallecen durante el parto en Fantino"},"content":{"rendered":"\n<p class=\"wp-block-paragraph\">Francina Mu\u00f1oz, de 24 a\u00f1os, y su beb\u00e9 fallecieron en el parto en un hospital de Fantino. Familiares denuncian posible negligencia m\u00e9dica.<\/p>\n\n\n\n<p class=\"wp-block-paragraph\">Francina Mu\u00f1oz, de 24 a\u00f1os, y su beb\u00e9 perdieron la vida durante el parto en el Hospital Dr. Sigifredo Alba Dom\u00ednguez, en Fantino, provincia S\u00e1nchez Ram\u00edrez.<\/p>\n\n\n\n<p class=\"wp-block-paragraph\">La comunidad se encuentra conmocionada por esta triste p\u00e9rdida, mientras que los familiares han denunciado posible negligencia m\u00e9dica en el caso.<\/p>\n\n\n\n<p class=\"wp-block-paragraph\">Expresamos nuestras condolencias a sus seres queridos en este dif\u00edcil momento. Se insta a mantenerse atentos para futuras actualizaciones sobre este caso.<\/p>\n\n\n<iframe loading=\"lazy\" src=\"https:\/\/www.facebook.com\/plugins\/video.php?href=https%3A%2F%2Fwww.facebook.com%2Freel%2F1125206452688190%2F%3Fref%3Dembed_video&#038;show_text=0&#038;width=267\" width=\"267\" height=\"476\" style=\"border:none;overflow:hidden\" scrolling=\"no\" frameborder=\"0\" allowfullscreen=\"true\" allow=\"autoplay; clipboard-write; encrypted-media; picture-in-picture; web-share\" allowFullScreen=\"true\"><\/iframe>\n\n<iframe loading=\"lazy\" src=\"https:\/\/www.facebook.com\/plugins\/video.php?href=https%3A%2F%2Fwww.facebook.com%2Freel%2F1423602249002718%2F%3Fref%3Dembed_video&#038;show_text=0&#038;width=267\" width=\"267\" height=\"476\" style=\"border:none;overflow:hidden\" scrolling=\"no\" frameborder=\"0\" allowfullscreen=\"true\" allow=\"autoplay; clipboard-write; encrypted-media; picture-in-picture; web-share\" allowFullScreen=\"true\"><\/iframe>","protected":false},"excerpt":{"rendered":"<p>Francina Mu\u00f1oz, de 24 a\u00f1os, y su beb\u00e9 fallecieron en el parto en un hospital de Fantino. Familiares denuncian posible negligencia m\u00e9dica. Francina Mu\u00f1oz, de 24 a\u00f1os, y su beb\u00e9 perdieron la vida durante el parto en el Hospital Dr. Sigifredo Alba Dom\u00ednguez, en Fantino, provincia S\u00e1nchez Ram\u00edrez. La comunidad se encuentra conmocionada por esta [&hellip;]<\/p>\n","protected":false},"author":1,"featured_media":7722,"comment_status":"open","ping_status":"open","sticky":false,"template":"","format":"standard","meta":{"footnotes":""},"categories":[1],"tags":[],"class_list":["post-7721","post","type-post","status-publish","format-standard","has-post-thumbnail","hentry","category-uncategorized"],"_links":{"self":[{"href":"https:\/\/rr.unv-informacion.xyz\/index.php?rest_route=\/wp\/v2\/posts\/7721","targetHints":{"allow":["GET"]}}],"collection":[{"href":"https:\/\/rr.unv-informacion.xyz\/index.php?rest_route=\/wp\/v2\/posts"}],"about":[{"href":"https:\/\/rr.unv-informacion.xyz\/index.php?rest_route=\/wp\/v2\/types\/post"}],"author":[{"embeddable":true,"href":"https:\/\/rr.unv-informacion.xyz\/index.php?rest_route=\/wp\/v2\/users\/1"}],"replies":[{"embeddable":true,"href":"https:\/\/rr.unv-informacion.xyz\/index.php?rest_route=%2Fwp%2Fv2%2Fcomments&post=7721"}],"version-history":[{"count":1,"href":"https:\/\/rr.unv-informacion.xyz\/index.php?rest_route=\/wp\/v2\/posts\/7721\/revisions"}],"predecessor-version":[{"id":7723,"href":"https:\/\/rr.unv-informacion.xyz\/index.php?rest_route=\/wp\/v2\/posts\/7721\/revisions\/7723"}],"wp:featuredmedia":[{"embeddable":true,"href":"https:\/\/rr.unv-informacion.xyz\/index.php?rest_route=\/wp\/v2\/media\/7722"}],"wp:attachment":[{"href":"https:\/\/rr.unv-informacion.xyz\/index.php?rest_route=%2Fwp%2Fv2%2Fmedia&parent=7721"}],"wp:term":[{"taxonomy":"category","embeddable":true,"href":"https:\/\/rr.unv-informacion.xyz\/index.php?rest_route=%2Fwp%2Fv2%2Fcategories&post=7721"},{"taxonomy":"post_tag","embeddable":true,"href":"https:\/\/rr.unv-informacion.xyz\/index.php?rest_route=%2Fwp%2Fv2%2Ftags&post=7721"}],"curies":[{"name":"wp","href":"https:\/\/api.w.org\/{rel}","templated":true}]}}