{"id":7726,"date":"2025-03-09T19:22:34","date_gmt":"2025-03-09T19:22:34","guid":{"rendered":"https:\/\/rr.unv-informacion.xyz\/?p=7726"},"modified":"2025-03-09T19:22:34","modified_gmt":"2025-03-09T19:22:34","slug":"fallece-nino-tras-sufrir-descarga-electrica-en-santiago","status":"publish","type":"post","link":"https:\/\/rr.unv-informacion.xyz\/?p=7726","title":{"rendered":"Fallece ni\u00f1o tras sufrir descarga el\u00e9ctrica en Santiago"},"content":{"rendered":"\n<p class=\"wp-block-paragraph\">El ni\u00f1o Yedrick Disla falleci\u00f3 tras d\u00edas de internamiento luego de sufrir una descarga el\u00e9ctrica en una gallera en Santiago.<\/p>\n\n\n\n<p class=\"wp-block-paragraph\">Despu\u00e9s de varios d\u00edas ingresado en el Centro M\u00e9dico UCI de Santiago, falleci\u00f3 la madrugada de hoy el ni\u00f1o Yedrick Disla, quien sufri\u00f3 una descarga el\u00e9ctrica tras tocar un cable de tendido el\u00e9ctrico en una gallera ubicada en la rotonda del municipio Navarrete.<\/p>\n\n\n\n<p class=\"wp-block-paragraph\">Seg\u00fan los due\u00f1os del lugar, el sitio estaba en reparaci\u00f3n y hab\u00edan dejado algunos elementos pendientes de terminar, momento en el que ocurri\u00f3 el accidente con el infante y el cable el\u00e9ctrico.<\/p>\n\n\n\n<figure class=\"wp-block-image size-large\"><img loading=\"lazy\" decoding=\"async\" width=\"1024\" height=\"1024\" src=\"https:\/\/rr.unv-informacion.xyz\/wp-content\/uploads\/2025\/03\/482024368_1416757146235352_5373582672826090978_n-1024x1024.jpg\" alt=\"\" class=\"wp-image-7727\" srcset=\"https:\/\/rr.unv-informacion.xyz\/wp-content\/uploads\/2025\/03\/482024368_1416757146235352_5373582672826090978_n-1024x1024.jpg 1024w, https:\/\/rr.unv-informacion.xyz\/wp-content\/uploads\/2025\/03\/482024368_1416757146235352_5373582672826090978_n-300x300.jpg 300w, https:\/\/rr.unv-informacion.xyz\/wp-content\/uploads\/2025\/03\/482024368_1416757146235352_5373582672826090978_n.jpg 1290w\" sizes=\"auto, (max-width: 1024px) 100vw, 1024px\" \/><\/figure>\n","protected":false},"excerpt":{"rendered":"<p>El ni\u00f1o Yedrick Disla falleci\u00f3 tras d\u00edas de internamiento luego de sufrir una descarga el\u00e9ctrica en una gallera en Santiago. Despu\u00e9s de varios d\u00edas ingresado en el Centro M\u00e9dico UCI de Santiago, falleci\u00f3 la madrugada de hoy el ni\u00f1o Yedrick Disla, quien sufri\u00f3 una descarga el\u00e9ctrica tras tocar un cable de tendido el\u00e9ctrico en una [&hellip;]<\/p>\n","protected":false},"author":1,"featured_media":7727,"comment_status":"open","ping_status":"open","sticky":false,"template":"","format":"standard","meta":{"footnotes":""},"categories":[1],"tags":[],"class_list":["post-7726","post","type-post","status-publish","format-standard","has-post-thumbnail","hentry","category-uncategorized"],"_links":{"self":[{"href":"https:\/\/rr.unv-informacion.xyz\/index.php?rest_route=\/wp\/v2\/posts\/7726","targetHints":{"allow":["GET"]}}],"collection":[{"href":"https:\/\/rr.unv-informacion.xyz\/index.php?rest_route=\/wp\/v2\/posts"}],"about":[{"href":"https:\/\/rr.unv-informacion.xyz\/index.php?rest_route=\/wp\/v2\/types\/post"}],"author":[{"embeddable":true,"href":"https:\/\/rr.unv-informacion.xyz\/index.php?rest_route=\/wp\/v2\/users\/1"}],"replies":[{"embeddable":true,"href":"https:\/\/rr.unv-informacion.xyz\/index.php?rest_route=%2Fwp%2Fv2%2Fcomments&post=7726"}],"version-history":[{"count":1,"href":"https:\/\/rr.unv-informacion.xyz\/index.php?rest_route=\/wp\/v2\/posts\/7726\/revisions"}],"predecessor-version":[{"id":7728,"href":"https:\/\/rr.unv-informacion.xyz\/index.php?rest_route=\/wp\/v2\/posts\/7726\/revisions\/7728"}],"wp:featuredmedia":[{"embeddable":true,"href":"https:\/\/rr.unv-informacion.xyz\/index.php?rest_route=\/wp\/v2\/media\/7727"}],"wp:attachment":[{"href":"https:\/\/rr.unv-informacion.xyz\/index.php?rest_route=%2Fwp%2Fv2%2Fmedia&parent=7726"}],"wp:term":[{"taxonomy":"category","embeddable":true,"href":"https:\/\/rr.unv-informacion.xyz\/index.php?rest_route=%2Fwp%2Fv2%2Fcategories&post=7726"},{"taxonomy":"post_tag","embeddable":true,"href":"https:\/\/rr.unv-informacion.xyz\/index.php?rest_route=%2Fwp%2Fv2%2Ftags&post=7726"}],"curies":[{"name":"wp","href":"https:\/\/api.w.org\/{rel}","templated":true}]}}