{"id":7729,"date":"2025-03-09T19:27:42","date_gmt":"2025-03-09T19:27:42","guid":{"rendered":"https:\/\/rr.unv-informacion.xyz\/?p=7729"},"modified":"2025-03-09T19:27:43","modified_gmt":"2025-03-09T19:27:43","slug":"diomedes-nunez-famoso-merenguero-fallece-a-los-56-anos","status":"publish","type":"post","link":"https:\/\/rr.unv-informacion.xyz\/?p=7729","title":{"rendered":"Diomedes N\u00fa\u00f1ez, famoso merenguero, fallece a los 56 a\u00f1os"},"content":{"rendered":"\n<p class=\"wp-block-paragraph\">Diomedes N\u00fa\u00f1ez, conocido merenguero de los \u00abA\u00f1os Dorados del Merengue\u00bb, falleci\u00f3 tras complicaciones de salud.<\/p>\n\n\n\n<p class=\"wp-block-paragraph\">El merenguero Diomedes N\u00fa\u00f1ez falleci\u00f3 este domingo, seg\u00fan inform\u00f3 el productor musical Bebeto TV a trav\u00e9s de sus redes sociales.<\/p>\n\n\n\n<p class=\"wp-block-paragraph\">\u00abLamentablemente, acaba de fallecer el merenguero Diomedes debido a complicaciones de salud. Paz a su alma, que Dios lo tenga en la gloria. Te queremos, descansa en paz\u00bb, escribi\u00f3 el productor en su publicaci\u00f3n.<\/p>\n\n\n\n<p class=\"wp-block-paragraph\">En abril de 2024, N\u00fa\u00f1ez, quien fue una de las voces m\u00e1s importantes de los \u00abA\u00f1os Dorados del Merengue\u00bb, fue diagnosticado con una grave enfermedad en los ri\u00f1ones, lo que le oblig\u00f3 a someterse a di\u00e1lisis.<\/p>\n\n\n\n<p class=\"wp-block-paragraph\">En diciembre de 2023, tuvo 56 presentaciones, y en una de esas noches, mientras cantaba en un bar, not\u00f3 que sus piernas y su vientre estaban muy hinchados, lo que lo llev\u00f3 a ir al hospital.<\/p>\n\n\n\n<p class=\"wp-block-paragraph\">En una entrevista, confes\u00f3 que pens\u00f3 que pod\u00eda morir y que esa hinchaz\u00f3n fue causada por ser hipertenso, aunque nunca hab\u00eda tenido s\u00edntomas. Desde ese momento, comenz\u00f3 un proceso de recuperaci\u00f3n.<\/p>\n\n\n\n<figure class=\"wp-block-image size-large\"><img loading=\"lazy\" decoding=\"async\" width=\"821\" height=\"1024\" src=\"https:\/\/rr.unv-informacion.xyz\/wp-content\/uploads\/2025\/03\/483315099_18487239511050913_1399825787165736645_n-821x1024.jpg\" alt=\"\" class=\"wp-image-7730\" srcset=\"https:\/\/rr.unv-informacion.xyz\/wp-content\/uploads\/2025\/03\/483315099_18487239511050913_1399825787165736645_n-821x1024.jpg 821w, https:\/\/rr.unv-informacion.xyz\/wp-content\/uploads\/2025\/03\/483315099_18487239511050913_1399825787165736645_n-241x300.jpg 241w, https:\/\/rr.unv-informacion.xyz\/wp-content\/uploads\/2025\/03\/483315099_18487239511050913_1399825787165736645_n.jpg 1440w\" sizes=\"auto, (max-width: 821px) 100vw, 821px\" \/><\/figure>\n\n\n<iframe loading=\"lazy\" src=\"https:\/\/www.facebook.com\/plugins\/video.php?href=https%3A%2F%2Fwww.facebook.com%2Fluisrafael.elmismo%2Fvideos%2F1154039536208918%2F%3Fref%3Dembed_video&#038;show_text=0&#038;width=560\" width=\"560\" height=\"316\" style=\"border:none;overflow:hidden\" scrolling=\"no\" frameborder=\"0\" allowfullscreen=\"true\" allow=\"autoplay; clipboard-write; encrypted-media; picture-in-picture; web-share\" allowFullScreen=\"true\"><\/iframe>","protected":false},"excerpt":{"rendered":"<p>Diomedes N\u00fa\u00f1ez, conocido merenguero de los \u00abA\u00f1os Dorados del Merengue\u00bb, falleci\u00f3 tras complicaciones de salud. El merenguero Diomedes N\u00fa\u00f1ez falleci\u00f3 este domingo, seg\u00fan inform\u00f3 el productor musical Bebeto TV a trav\u00e9s de sus redes sociales. \u00abLamentablemente, acaba de fallecer el merenguero Diomedes debido a complicaciones de salud. Paz a su alma, que Dios lo tenga [&hellip;]<\/p>\n","protected":false},"author":1,"featured_media":7730,"comment_status":"open","ping_status":"open","sticky":false,"template":"","format":"standard","meta":{"footnotes":""},"categories":[1],"tags":[],"class_list":["post-7729","post","type-post","status-publish","format-standard","has-post-thumbnail","hentry","category-uncategorized"],"_links":{"self":[{"href":"https:\/\/rr.unv-informacion.xyz\/index.php?rest_route=\/wp\/v2\/posts\/7729","targetHints":{"allow":["GET"]}}],"collection":[{"href":"https:\/\/rr.unv-informacion.xyz\/index.php?rest_route=\/wp\/v2\/posts"}],"about":[{"href":"https:\/\/rr.unv-informacion.xyz\/index.php?rest_route=\/wp\/v2\/types\/post"}],"author":[{"embeddable":true,"href":"https:\/\/rr.unv-informacion.xyz\/index.php?rest_route=\/wp\/v2\/users\/1"}],"replies":[{"embeddable":true,"href":"https:\/\/rr.unv-informacion.xyz\/index.php?rest_route=%2Fwp%2Fv2%2Fcomments&post=7729"}],"version-history":[{"count":1,"href":"https:\/\/rr.unv-informacion.xyz\/index.php?rest_route=\/wp\/v2\/posts\/7729\/revisions"}],"predecessor-version":[{"id":7731,"href":"https:\/\/rr.unv-informacion.xyz\/index.php?rest_route=\/wp\/v2\/posts\/7729\/revisions\/7731"}],"wp:featuredmedia":[{"embeddable":true,"href":"https:\/\/rr.unv-informacion.xyz\/index.php?rest_route=\/wp\/v2\/media\/7730"}],"wp:attachment":[{"href":"https:\/\/rr.unv-informacion.xyz\/index.php?rest_route=%2Fwp%2Fv2%2Fmedia&parent=7729"}],"wp:term":[{"taxonomy":"category","embeddable":true,"href":"https:\/\/rr.unv-informacion.xyz\/index.php?rest_route=%2Fwp%2Fv2%2Fcategories&post=7729"},{"taxonomy":"post_tag","embeddable":true,"href":"https:\/\/rr.unv-informacion.xyz\/index.php?rest_route=%2Fwp%2Fv2%2Ftags&post=7729"}],"curies":[{"name":"wp","href":"https:\/\/api.w.org\/{rel}","templated":true}]}}