{"id":7733,"date":"2025-03-10T15:33:17","date_gmt":"2025-03-10T15:33:17","guid":{"rendered":"https:\/\/rr.unv-informacion.xyz\/?p=7733"},"modified":"2025-03-10T15:33:17","modified_gmt":"2025-03-10T15:33:17","slug":"nino-desaparece-segun-fue-llevado-por-directora-de-escuela-en-santiago","status":"publish","type":"post","link":"https:\/\/rr.unv-informacion.xyz\/?p=7733","title":{"rendered":"Ni\u00f1o desaparece seg\u00fan fue llevado por directora de escuela en Santiago"},"content":{"rendered":"\n<p class=\"wp-block-paragraph\">Un ni\u00f1o de 8 a\u00f1os desapareci\u00f3 en Santiago tras ser llevado por la directora de su escuela. Su madre lleva tres d\u00edas sin saber su paradero.<\/p>\n\n\n\n<p class=\"wp-block-paragraph\">\u00c1ngel S\u00e1nchez Garc\u00eda, un ni\u00f1o de 8 a\u00f1os, desapareci\u00f3 el pasado mi\u00e9rcoles 5 de marzo de 2025 en Santiago de los Caballeros, Rep\u00fablica Dominicana, despu\u00e9s de haber sido llevado por la directora de su escuela, seg\u00fan testigos.<\/p>\n\n\n\n<p class=\"wp-block-paragraph\">Su madre relata que envi\u00f3 a su hijo a la escuela Prof. Aquiles Trinidad, ubicada en la Yag\u00fcita de Pastor, como todos los d\u00edas. Su esposo se encargaba de llevarlo y recogerlo en motocicleta, junto con dos ni\u00f1as m\u00e1s. Sin embargo, esa tarde, el ni\u00f1o nunca regres\u00f3 a casa.<\/p>\n\n\n\n<p class=\"wp-block-paragraph\">M\u00e1s tarde, a las 7:47 p.m., la madre recibi\u00f3 una llamada de la directora de la escuela inform\u00e1ndole que su hijo estaba en Conani. Otro estudiante cont\u00f3 que vio cuando la directora entr\u00f3 al sal\u00f3n y se llev\u00f3 a \u00c1ngel.<\/p>\n\n\n\n<p class=\"wp-block-paragraph\">Ahora, tanto la directora como la psic\u00f3loga de la escuela aseguran que no entregaron al ni\u00f1o a Conani. Han pasado tres d\u00edas y la madre sigue sin noticias sobre su hijo. Mientras tanto, la directora ha evitado dar explicaciones y solo ha dicho que responder\u00e1 el lunes 10 de marzo.<\/p>\n\n\n\n<p class=\"wp-block-paragraph\">La madre, desesperada, lleva tres d\u00edas sin comer, solo bebiendo agua, sin saber qui\u00e9n tiene a su hijo ni c\u00f3mo se encuentra. Las autoridades y la comunidad esperan respuestas urgentes sobre el paradero del menor.<\/p>\n\n\n<iframe loading=\"lazy\" src=\"https:\/\/www.facebook.com\/plugins\/video.php?href=https%3A%2F%2Fwww.facebook.com%2Fsucesosdeldiard%2Fvideos%2F1003910681924321%2F%3Fref%3Dembed_video&#038;show_text=0&#038;width=267\" width=\"267\" height=\"476\" style=\"border:none;overflow:hidden\" scrolling=\"no\" frameborder=\"0\" allowfullscreen=\"true\" allow=\"autoplay; clipboard-write; encrypted-media; picture-in-picture; web-share\" allowFullScreen=\"true\"><\/iframe>","protected":false},"excerpt":{"rendered":"<p>Un ni\u00f1o de 8 a\u00f1os desapareci\u00f3 en Santiago tras ser llevado por la directora de su escuela. Su madre lleva tres d\u00edas sin saber su paradero. \u00c1ngel S\u00e1nchez Garc\u00eda, un ni\u00f1o de 8 a\u00f1os, desapareci\u00f3 el pasado mi\u00e9rcoles 5 de marzo de 2025 en Santiago de los Caballeros, Rep\u00fablica Dominicana, despu\u00e9s de haber sido llevado [&hellip;]<\/p>\n","protected":false},"author":1,"featured_media":7734,"comment_status":"open","ping_status":"open","sticky":false,"template":"","format":"standard","meta":{"footnotes":""},"categories":[1],"tags":[],"class_list":["post-7733","post","type-post","status-publish","format-standard","has-post-thumbnail","hentry","category-uncategorized"],"_links":{"self":[{"href":"https:\/\/rr.unv-informacion.xyz\/index.php?rest_route=\/wp\/v2\/posts\/7733","targetHints":{"allow":["GET"]}}],"collection":[{"href":"https:\/\/rr.unv-informacion.xyz\/index.php?rest_route=\/wp\/v2\/posts"}],"about":[{"href":"https:\/\/rr.unv-informacion.xyz\/index.php?rest_route=\/wp\/v2\/types\/post"}],"author":[{"embeddable":true,"href":"https:\/\/rr.unv-informacion.xyz\/index.php?rest_route=\/wp\/v2\/users\/1"}],"replies":[{"embeddable":true,"href":"https:\/\/rr.unv-informacion.xyz\/index.php?rest_route=%2Fwp%2Fv2%2Fcomments&post=7733"}],"version-history":[{"count":1,"href":"https:\/\/rr.unv-informacion.xyz\/index.php?rest_route=\/wp\/v2\/posts\/7733\/revisions"}],"predecessor-version":[{"id":7735,"href":"https:\/\/rr.unv-informacion.xyz\/index.php?rest_route=\/wp\/v2\/posts\/7733\/revisions\/7735"}],"wp:featuredmedia":[{"embeddable":true,"href":"https:\/\/rr.unv-informacion.xyz\/index.php?rest_route=\/wp\/v2\/media\/7734"}],"wp:attachment":[{"href":"https:\/\/rr.unv-informacion.xyz\/index.php?rest_route=%2Fwp%2Fv2%2Fmedia&parent=7733"}],"wp:term":[{"taxonomy":"category","embeddable":true,"href":"https:\/\/rr.unv-informacion.xyz\/index.php?rest_route=%2Fwp%2Fv2%2Fcategories&post=7733"},{"taxonomy":"post_tag","embeddable":true,"href":"https:\/\/rr.unv-informacion.xyz\/index.php?rest_route=%2Fwp%2Fv2%2Ftags&post=7733"}],"curies":[{"name":"wp","href":"https:\/\/api.w.org\/{rel}","templated":true}]}}