{"id":7895,"date":"2025-03-18T18:13:22","date_gmt":"2025-03-18T18:13:22","guid":{"rendered":"https:\/\/rr.unv-informacion.xyz\/?p=7895"},"modified":"2025-03-18T18:13:23","modified_gmt":"2025-03-18T18:13:23","slug":"una-carta-enviada-a-la-direccion-de-investigacion-criminal-dicrim","status":"publish","type":"post","link":"https:\/\/rr.unv-informacion.xyz\/?p=7895","title":{"rendered":"Una carta enviada a la\u00a0Direcci\u00f3n de Investigaci\u00f3n Criminal (DICRIM)"},"content":{"rendered":"\n<p class=\"wp-block-paragraph\">Punta Cana, Rep\u00fablica Dominicana.- En medio de un profundo dolor y con el deseo de encontrar un cierre a su tragedia, los padres de Sudiksha Konanki, la joven estudiante de 20 a\u00f1os desaparecida en Punta Cana, han solicitado formalmente a las autoridades dominicanas la declaraci\u00f3n legal de defunci\u00f3n de su hija.<\/p>\n\n\n\n<p class=\"wp-block-paragraph\">A trav\u00e9s de una carta enviada a la Direcci\u00f3n de Investigaci\u00f3n Criminal (DICRIM), dirigida al mayor Jos\u00e9 del C. Ram\u00edrez de la Rosa, los padres de la joven, Subbarayudu Konanki y SreeDevi Konanki, expresaron su devastaci\u00f3n y la dif\u00edcil decisi\u00f3n de solicitar este procedimiento legal tras la desaparici\u00f3n de Sudiksha el pasado 6 de marzo de 2025, mientras se encontraba de vacaciones de primavera en Rep\u00fablica Dominicana.<\/p>\n\n\n\n<p class=\"wp-block-paragraph\">Para:<\/p>\n\n\n\n<p class=\"wp-block-paragraph\">El Oficial a Cargo,<br>Sr. JOSE DEL C. RAMIREZ DE LA ROSA\u2026, MAYOR PN,<br>Direcci\u00f3n de Investigaci\u00f3n de la Rep\u00fablica Dominicana,<br>DICRIM, Secci\u00f3n de Investigaci\u00f3n PN,<br>Friusa-Bavaro<\/p>\n\n\n\n<p class=\"wp-block-paragraph\">Fecha: 17\/03\/2025<br>Lugar: Chantilly, VA<\/p>\n\n\n\n<p class=\"wp-block-paragraph\">Asunto: Solicitud de Declaraci\u00f3n Legal de Defunci\u00f3n de Nuestra Hija, Sudiksha Konanki<\/p>\n\n\n\n<p class=\"wp-block-paragraph\">Estimado Se\u00f1or\/Se\u00f1ora,<\/p>\n\n\n\n<p class=\"wp-block-paragraph\">Nosotros, Subbarayudu Konani y SreeDevi Konanki, los padres de Sudiksha Konanki, solicitamos respetuosamente la declaraci\u00f3n legal de defunci\u00f3n de nuestra amada hija. Sudiksha, una estudiante de 20 a\u00f1os de la Universidad de Pittsburgh, desapareci\u00f3 tr\u00e1gicamente el 6 de marzo de 2025, durante un viaje de vacaciones de primavera a Punta Cana, Rep\u00fablica Dominicana.<\/p>\n\n\n\n<p class=\"wp-block-paragraph\">Tras una b\u00fasqueda exhaustiva, las autoridades dominicanas han concluido que se cree que Sudiksha se ahog\u00f3. Su ropa fue descubierta en una playa cerca de donde fue vista por \u00faltima vez. La persona vista por \u00faltima vez con ella est\u00e1 cooperando con la investigaci\u00f3n y no se ha encontrado evidencia de juego sucio.<\/p>\n\n\n\n<p class=\"wp-block-paragraph\">Dadas estas circunstancias, y despu\u00e9s de mucha deliberaci\u00f3n, solicitamos que el departamento de polic\u00eda proceda con la declaraci\u00f3n legal de su defunci\u00f3n. Entendemos que se deben seguir ciertos procedimientos legales y estamos preparados para cumplir con cualquier formalidad o documentaci\u00f3n necesaria.<\/p>\n\n\n\n<p class=\"wp-block-paragraph\">Iniciar este proceso permitir\u00e1 a nuestra familia comenzar el proceso de duelo y abordar asuntos relacionados con su ausencia. Si bien ninguna declaraci\u00f3n puede aliviar realmente nuestro dolor, confiamos en que este paso traer\u00e1 algo de cierre y nos permitir\u00e1 honrar su memoria.<\/p>\n\n\n\n<p class=\"wp-block-paragraph\">Agradecemos su atenci\u00f3n a este asunto profundamente doloroso y agradecemos su apoyo. Si necesita m\u00e1s informaci\u00f3n o documentaci\u00f3n, por favor cont\u00e1ctenos.<\/p>\n\n\n\n<p class=\"wp-block-paragraph\">Atentamente,<\/p>\n\n\n\n<p class=\"wp-block-paragraph\">Subbu (Firma)<br>Subbarayudu Konanki (Padre)<\/p>\n\n\n\n<p class=\"wp-block-paragraph\">Sreedevi (Firma)<br>Sreedevi Konanki (Madre)<\/p>\n\n\n\n<p class=\"wp-block-paragraph\">Padres de Sudiksha Konanki<\/p>\n\n\n\n<p class=\"wp-block-paragraph\">La solicitud de los padres de Sudiksha Konanki ahora queda en manos de las autoridades competentes, quienes deber\u00e1n evaluar los procedimientos legales a seguir ante este lamentable suceso.<\/p>\n\n\n\n<figure class=\"wp-block-image size-full\"><img loading=\"lazy\" decoding=\"async\" width=\"661\" height=\"850\" src=\"https:\/\/rr.unv-informacion.xyz\/wp-content\/uploads\/2025\/03\/IMG_4589-1.jpg\" alt=\"\" class=\"wp-image-7896\" srcset=\"https:\/\/rr.unv-informacion.xyz\/wp-content\/uploads\/2025\/03\/IMG_4589-1.jpg 661w, https:\/\/rr.unv-informacion.xyz\/wp-content\/uploads\/2025\/03\/IMG_4589-1-233x300.jpg 233w, https:\/\/rr.unv-informacion.xyz\/wp-content\/uploads\/2025\/03\/IMG_4589-1-327x420.jpg 327w, https:\/\/rr.unv-informacion.xyz\/wp-content\/uploads\/2025\/03\/IMG_4589-1-640x823.jpg 640w\" sizes=\"auto, (max-width: 661px) 100vw, 661px\" \/><\/figure>\n\n\n\n<figure class=\"wp-block-embed is-type-video is-provider-youtube wp-block-embed-youtube wp-embed-aspect-16-9 wp-has-aspect-ratio\"><div class=\"wp-block-embed__wrapper\">\n<iframe loading=\"lazy\" title=\"Carta: Padres de Konanki solicitan declarar oficial el fallecimiento de su hija para cerrar su duelo\" width=\"640\" height=\"360\" src=\"https:\/\/www.youtube.com\/embed\/-1mgf9fwlBQ?feature=oembed\" frameborder=\"0\" allow=\"accelerometer; autoplay; clipboard-write; encrypted-media; gyroscope; picture-in-picture; web-share\" referrerpolicy=\"strict-origin-when-cross-origin\" allowfullscreen><\/iframe>\n<\/div><\/figure>\n","protected":false},"excerpt":{"rendered":"<p>Punta Cana, Rep\u00fablica Dominicana.- En medio de un profundo dolor y con el deseo de encontrar un cierre a su tragedia, los padres de Sudiksha Konanki, la joven estudiante de 20 a\u00f1os desaparecida en Punta Cana, han solicitado formalmente a las autoridades dominicanas la declaraci\u00f3n legal de defunci\u00f3n de su hija. A trav\u00e9s de una [&hellip;]<\/p>\n","protected":false},"author":1,"featured_media":7893,"comment_status":"open","ping_status":"open","sticky":false,"template":"","format":"standard","meta":{"footnotes":""},"categories":[1],"tags":[],"class_list":["post-7895","post","type-post","status-publish","format-standard","has-post-thumbnail","hentry","category-uncategorized"],"_links":{"self":[{"href":"https:\/\/rr.unv-informacion.xyz\/index.php?rest_route=\/wp\/v2\/posts\/7895","targetHints":{"allow":["GET"]}}],"collection":[{"href":"https:\/\/rr.unv-informacion.xyz\/index.php?rest_route=\/wp\/v2\/posts"}],"about":[{"href":"https:\/\/rr.unv-informacion.xyz\/index.php?rest_route=\/wp\/v2\/types\/post"}],"author":[{"embeddable":true,"href":"https:\/\/rr.unv-informacion.xyz\/index.php?rest_route=\/wp\/v2\/users\/1"}],"replies":[{"embeddable":true,"href":"https:\/\/rr.unv-informacion.xyz\/index.php?rest_route=%2Fwp%2Fv2%2Fcomments&post=7895"}],"version-history":[{"count":1,"href":"https:\/\/rr.unv-informacion.xyz\/index.php?rest_route=\/wp\/v2\/posts\/7895\/revisions"}],"predecessor-version":[{"id":7897,"href":"https:\/\/rr.unv-informacion.xyz\/index.php?rest_route=\/wp\/v2\/posts\/7895\/revisions\/7897"}],"wp:featuredmedia":[{"embeddable":true,"href":"https:\/\/rr.unv-informacion.xyz\/index.php?rest_route=\/wp\/v2\/media\/7893"}],"wp:attachment":[{"href":"https:\/\/rr.unv-informacion.xyz\/index.php?rest_route=%2Fwp%2Fv2%2Fmedia&parent=7895"}],"wp:term":[{"taxonomy":"category","embeddable":true,"href":"https:\/\/rr.unv-informacion.xyz\/index.php?rest_route=%2Fwp%2Fv2%2Fcategories&post=7895"},{"taxonomy":"post_tag","embeddable":true,"href":"https:\/\/rr.unv-informacion.xyz\/index.php?rest_route=%2Fwp%2Fv2%2Ftags&post=7895"}],"curies":[{"name":"wp","href":"https:\/\/api.w.org\/{rel}","templated":true}]}}