{"id":7916,"date":"2025-03-19T16:32:42","date_gmt":"2025-03-19T16:32:42","guid":{"rendered":"https:\/\/rr.unv-informacion.xyz\/?p=7916"},"modified":"2025-03-19T16:32:43","modified_gmt":"2025-03-19T16:32:43","slug":"pastor-fallece-con-traumatismos-craneales-bajo-custodia-policial-en-la-romana","status":"publish","type":"post","link":"https:\/\/rr.unv-informacion.xyz\/?p=7916","title":{"rendered":"Pastor fallece con traumatismos craneales bajo custodia policial en La Romana"},"content":{"rendered":"\n<p class=\"wp-block-paragraph\">Un joven pastor evang\u00e9lico muri\u00f3 mientras estaba detenido en un cuartel policial en Villa Hermosa, La Romana, presentando traumatismos craneales seg\u00fan informe preliminar, lo que ha generado indignaci\u00f3n y demandas de justicia.<\/p>\n\n\n\n<p class=\"wp-block-paragraph\">La comunidad de Villa Hermosa se encuentra conmocionada tras la muerte de Chiky Acevedo, ocurrida en circunstancias no esclarecidas mientras permanec\u00eda bajo custodia policial. El deceso se produjo el pasado fin de semana, luego de que el religioso fuera arrestado en un operativo cuya naturaleza a\u00fan no ha sido detallada por las autoridades.<\/p>\n\n\n\n<p class=\"wp-block-paragraph\">Seg\u00fan el informe preliminar del m\u00e9dico legista, el cuerpo del pastor presentaba traumatismos craneales aparentemente producidos por golpes contundentes en la cabeza. Estos hallazgos han intensificado los reclamos de familiares y miembros de la comunidad religiosa, quienes exigen una investigaci\u00f3n transparente.<\/p>\n\n\n\n<p class=\"wp-block-paragraph\">Diversos sectores sociales han solicitado formalmente a la Fiscal\u00eda de La Romana que realice todas las diligencias necesarias para esclarecer los hechos. Tambi\u00e9n han exhortado al general Juan Ger\u00f3nimo Mand\u00e9, director regional este de la Polic\u00eda Nacional, a mantener una postura objetiva ante la situaci\u00f3n.<\/p>\n\n\n\n<p class=\"wp-block-paragraph\">El caso ha generado una ola de reacciones en redes sociales, donde se han difundido videos de las pr\u00e9dicas del fallecido, resaltando su labor comunitaria. Este incidente se suma a otros similares que han avivado el debate nacional sobre el uso de la fuerza policial y la necesidad de reformas estructurales en los cuerpos de seguridad.<\/p>\n\n\n<iframe loading=\"lazy\" src=\"https:\/\/www.facebook.com\/plugins\/video.php?href=https%3A%2F%2Fwww.facebook.com%2F100076256696839%2Fvideos%2F9481214655278000%2F%3Fref%3Dembed_video&#038;show_text=0&#038;width=560\" width=\"560\" height=\"312\" style=\"border:none;overflow:hidden\" scrolling=\"no\" frameborder=\"0\" allowfullscreen=\"true\" allow=\"autoplay; clipboard-write; encrypted-media; picture-in-picture; web-share\" allowFullScreen=\"true\"><\/iframe>\n\n<iframe loading=\"lazy\" src=\"https:\/\/www.facebook.com\/plugins\/video.php?href=https%3A%2F%2Fwww.facebook.com%2F100076256696839%2Fvideos%2F1843505176502776%2F%3Fref%3Dembed_video&#038;show_text=0&#038;width=269\" width=\"269\" height=\"476\" style=\"border:none;overflow:hidden\" scrolling=\"no\" frameborder=\"0\" allowfullscreen=\"true\" allow=\"autoplay; clipboard-write; encrypted-media; picture-in-picture; web-share\" allowFullScreen=\"true\"><\/iframe>","protected":false},"excerpt":{"rendered":"<p>Un joven pastor evang\u00e9lico muri\u00f3 mientras estaba detenido en un cuartel policial en Villa Hermosa, La Romana, presentando traumatismos craneales seg\u00fan informe preliminar, lo que ha generado indignaci\u00f3n y demandas de justicia. La comunidad de Villa Hermosa se encuentra conmocionada tras la muerte de Chiky Acevedo, ocurrida en circunstancias no esclarecidas mientras permanec\u00eda bajo custodia [&hellip;]<\/p>\n","protected":false},"author":1,"featured_media":7917,"comment_status":"open","ping_status":"open","sticky":false,"template":"","format":"standard","meta":{"footnotes":""},"categories":[1],"tags":[],"class_list":["post-7916","post","type-post","status-publish","format-standard","has-post-thumbnail","hentry","category-uncategorized"],"_links":{"self":[{"href":"https:\/\/rr.unv-informacion.xyz\/index.php?rest_route=\/wp\/v2\/posts\/7916","targetHints":{"allow":["GET"]}}],"collection":[{"href":"https:\/\/rr.unv-informacion.xyz\/index.php?rest_route=\/wp\/v2\/posts"}],"about":[{"href":"https:\/\/rr.unv-informacion.xyz\/index.php?rest_route=\/wp\/v2\/types\/post"}],"author":[{"embeddable":true,"href":"https:\/\/rr.unv-informacion.xyz\/index.php?rest_route=\/wp\/v2\/users\/1"}],"replies":[{"embeddable":true,"href":"https:\/\/rr.unv-informacion.xyz\/index.php?rest_route=%2Fwp%2Fv2%2Fcomments&post=7916"}],"version-history":[{"count":1,"href":"https:\/\/rr.unv-informacion.xyz\/index.php?rest_route=\/wp\/v2\/posts\/7916\/revisions"}],"predecessor-version":[{"id":7918,"href":"https:\/\/rr.unv-informacion.xyz\/index.php?rest_route=\/wp\/v2\/posts\/7916\/revisions\/7918"}],"wp:featuredmedia":[{"embeddable":true,"href":"https:\/\/rr.unv-informacion.xyz\/index.php?rest_route=\/wp\/v2\/media\/7917"}],"wp:attachment":[{"href":"https:\/\/rr.unv-informacion.xyz\/index.php?rest_route=%2Fwp%2Fv2%2Fmedia&parent=7916"}],"wp:term":[{"taxonomy":"category","embeddable":true,"href":"https:\/\/rr.unv-informacion.xyz\/index.php?rest_route=%2Fwp%2Fv2%2Fcategories&post=7916"},{"taxonomy":"post_tag","embeddable":true,"href":"https:\/\/rr.unv-informacion.xyz\/index.php?rest_route=%2Fwp%2Fv2%2Ftags&post=7916"}],"curies":[{"name":"wp","href":"https:\/\/api.w.org\/{rel}","templated":true}]}}