{"id":7920,"date":"2025-03-20T20:24:05","date_gmt":"2025-03-20T20:24:05","guid":{"rendered":"https:\/\/rr.unv-informacion.xyz\/?p=7920"},"modified":"2025-03-20T20:24:06","modified_gmt":"2025-03-20T20:24:06","slug":"coronel-de-jarabacoa-ofrece-disculpas-tras-suspension","status":"publish","type":"post","link":"https:\/\/rr.unv-informacion.xyz\/?p=7920","title":{"rendered":"Coronel de Jarabacoa ofrece disculpas tras suspensi\u00f3n"},"content":{"rendered":"\n<p class=\"wp-block-paragraph\">El coronel Abiu Aaron Zilberberg Cabral pedir\u00e1 perd\u00f3n p\u00fablicamente tras ser suspendido por un incidente con un oficial en Jarabacoa.<\/p>\n\n\n\n<p class=\"wp-block-paragraph\">El coronel Abiu Aaron Zilberberg Cabral, comandante de la Polic\u00eda Nacional en Jarabacoa, La Vega, expres\u00f3 a sus subalternos que ofrecer\u00e1 una disculpa p\u00fablica al oficial al que agredi\u00f3 verbalmente en un video que se hizo viral, as\u00ed como a los dem\u00e1s polic\u00edas presentes en el incidente.<\/p>\n\n\n\n<p class=\"wp-block-paragraph\">La decisi\u00f3n del coronel llega despu\u00e9s de ser suspendido tras la difusi\u00f3n del video, en el que se le ve arremetiendo contra un teniente del Coba, instituci\u00f3n encargada de controlar los niveles de ruido en espacios p\u00fablicos y privados.<\/p>\n\n\n\n<p class=\"wp-block-paragraph\">El caso gener\u00f3 diversas reacciones, lo que llev\u00f3 a las autoridades a tomar medidas disciplinarias contra el comandante Cabral. Se espera que en los pr\u00f3ximos d\u00edas haga oficial su declaraci\u00f3n de disculpa.<\/p>\n\n\n<iframe loading=\"lazy\" src=\"https:\/\/www.facebook.com\/plugins\/video.php?href=https%3A%2F%2Fwww.facebook.com%2Fkafe.kafecitodelatarde%2Fvideos%2F1005444111455310%2F%3Fref%3Dembed_video&#038;show_text=0&#038;width=560\" width=\"560\" height=\"315\" style=\"border:none;overflow:hidden\" scrolling=\"no\" frameborder=\"0\" allowfullscreen=\"true\" allow=\"autoplay; clipboard-write; encrypted-media; picture-in-picture; web-share\" allowFullScreen=\"true\"><\/iframe>\n\n<iframe loading=\"lazy\" src=\"https:\/\/www.facebook.com\/plugins\/video.php?href=https%3A%2F%2Fwww.facebook.com%2Fyobany.reyes.735944%2Fvideos%2F931907415685484%2F%3Fref%3Dembed_video&#038;show_text=0&#038;width=560\" width=\"560\" height=\"316\" style=\"border:none;overflow:hidden\" scrolling=\"no\" frameborder=\"0\" allowfullscreen=\"true\" allow=\"autoplay; clipboard-write; encrypted-media; picture-in-picture; web-share\" allowFullScreen=\"true\"><\/iframe>","protected":false},"excerpt":{"rendered":"<p>El coronel Abiu Aaron Zilberberg Cabral pedir\u00e1 perd\u00f3n p\u00fablicamente tras ser suspendido por un incidente con un oficial en Jarabacoa. El coronel Abiu Aaron Zilberberg Cabral, comandante de la Polic\u00eda Nacional en Jarabacoa, La Vega, expres\u00f3 a sus subalternos que ofrecer\u00e1 una disculpa p\u00fablica al oficial al que agredi\u00f3 verbalmente en un video que se [&hellip;]<\/p>\n","protected":false},"author":1,"featured_media":7921,"comment_status":"open","ping_status":"open","sticky":false,"template":"","format":"standard","meta":{"footnotes":""},"categories":[1],"tags":[],"class_list":["post-7920","post","type-post","status-publish","format-standard","has-post-thumbnail","hentry","category-uncategorized"],"_links":{"self":[{"href":"https:\/\/rr.unv-informacion.xyz\/index.php?rest_route=\/wp\/v2\/posts\/7920","targetHints":{"allow":["GET"]}}],"collection":[{"href":"https:\/\/rr.unv-informacion.xyz\/index.php?rest_route=\/wp\/v2\/posts"}],"about":[{"href":"https:\/\/rr.unv-informacion.xyz\/index.php?rest_route=\/wp\/v2\/types\/post"}],"author":[{"embeddable":true,"href":"https:\/\/rr.unv-informacion.xyz\/index.php?rest_route=\/wp\/v2\/users\/1"}],"replies":[{"embeddable":true,"href":"https:\/\/rr.unv-informacion.xyz\/index.php?rest_route=%2Fwp%2Fv2%2Fcomments&post=7920"}],"version-history":[{"count":1,"href":"https:\/\/rr.unv-informacion.xyz\/index.php?rest_route=\/wp\/v2\/posts\/7920\/revisions"}],"predecessor-version":[{"id":7922,"href":"https:\/\/rr.unv-informacion.xyz\/index.php?rest_route=\/wp\/v2\/posts\/7920\/revisions\/7922"}],"wp:featuredmedia":[{"embeddable":true,"href":"https:\/\/rr.unv-informacion.xyz\/index.php?rest_route=\/wp\/v2\/media\/7921"}],"wp:attachment":[{"href":"https:\/\/rr.unv-informacion.xyz\/index.php?rest_route=%2Fwp%2Fv2%2Fmedia&parent=7920"}],"wp:term":[{"taxonomy":"category","embeddable":true,"href":"https:\/\/rr.unv-informacion.xyz\/index.php?rest_route=%2Fwp%2Fv2%2Fcategories&post=7920"},{"taxonomy":"post_tag","embeddable":true,"href":"https:\/\/rr.unv-informacion.xyz\/index.php?rest_route=%2Fwp%2Fv2%2Ftags&post=7920"}],"curies":[{"name":"wp","href":"https:\/\/api.w.org\/{rel}","templated":true}]}}