{"id":7938,"date":"2025-03-20T20:48:34","date_gmt":"2025-03-20T20:48:34","guid":{"rendered":"https:\/\/rr.unv-informacion.xyz\/?p=7938"},"modified":"2025-03-20T20:48:35","modified_gmt":"2025-03-20T20:48:35","slug":"encuentran-sana-y-salva-a-joven-desaparecida-en-santiago","status":"publish","type":"post","link":"https:\/\/rr.unv-informacion.xyz\/?p=7938","title":{"rendered":"Encuentran sana y salva a joven desaparecida en Santiago"},"content":{"rendered":"\n<p class=\"wp-block-paragraph\">La Polic\u00eda Nacional localiz\u00f3 a Sarivel Daneyris Rodr\u00edguez, joven de 19 a\u00f1os reportada como desaparecida en Santiago. Se encuentra en buen estado.<\/p>\n\n\n\n<p class=\"wp-block-paragraph\">La Polic\u00eda Nacional inform\u00f3 que, a trav\u00e9s del Departamento Operativo II de Investigaci\u00f3n y B\u00fasqueda de Personas Desaparecidas, logr\u00f3 localizar sana y salva a Sarivel Daneyris Rodr\u00edguez de la Cruz, una joven de 19 a\u00f1os reportada como desaparecida en Santiago de los Caballeros.<\/p>\n\n\n\n<p class=\"wp-block-paragraph\">Seg\u00fan el informe policial, la madre de Sarivel denunci\u00f3 su desaparici\u00f3n el martes 18 de marzo. Indic\u00f3 que la \u00faltima vez que fue vista estaba en la parada de transporte p\u00fablico del sector Palmar Arriba, en Villa Gonz\u00e1lez, cuando se dirig\u00eda a la Universidad Aut\u00f3noma de Santo Domingo (UASD), recinto Santiago. Sin embargo, nunca lleg\u00f3 a su destino.<\/p>\n\n\n\n<p class=\"wp-block-paragraph\">Las autoridades no han ofrecido m\u00e1s detalles sobre las circunstancias en las que fue hallada, pero confirmaron que la joven est\u00e1 en buen estado de salud.<\/p>\n\n\n\n<figure class=\"wp-block-image size-large\"><img loading=\"lazy\" decoding=\"async\" width=\"1024\" height=\"1024\" src=\"https:\/\/rr.unv-informacion.xyz\/wp-content\/uploads\/2025\/03\/FB_IMG_1742430000297-1024x1024.jpg\" alt=\"\" class=\"wp-image-7939\" srcset=\"https:\/\/rr.unv-informacion.xyz\/wp-content\/uploads\/2025\/03\/FB_IMG_1742430000297-1024x1024.jpg 1024w, https:\/\/rr.unv-informacion.xyz\/wp-content\/uploads\/2025\/03\/FB_IMG_1742430000297-300x300.jpg 300w, https:\/\/rr.unv-informacion.xyz\/wp-content\/uploads\/2025\/03\/FB_IMG_1742430000297-150x150.jpg 150w, https:\/\/rr.unv-informacion.xyz\/wp-content\/uploads\/2025\/03\/FB_IMG_1742430000297-768x768.jpg 768w, https:\/\/rr.unv-informacion.xyz\/wp-content\/uploads\/2025\/03\/FB_IMG_1742430000297-420x420.jpg 420w, https:\/\/rr.unv-informacion.xyz\/wp-content\/uploads\/2025\/03\/FB_IMG_1742430000297.jpg 1080w\" sizes=\"auto, (max-width: 1024px) 100vw, 1024px\" \/><\/figure>\n","protected":false},"excerpt":{"rendered":"<p>La Polic\u00eda Nacional localiz\u00f3 a Sarivel Daneyris Rodr\u00edguez, joven de 19 a\u00f1os reportada como desaparecida en Santiago. Se encuentra en buen estado. La Polic\u00eda Nacional inform\u00f3 que, a trav\u00e9s del Departamento Operativo II de Investigaci\u00f3n y B\u00fasqueda de Personas Desaparecidas, logr\u00f3 localizar sana y salva a Sarivel Daneyris Rodr\u00edguez de la Cruz, una joven de [&hellip;]<\/p>\n","protected":false},"author":1,"featured_media":7939,"comment_status":"open","ping_status":"open","sticky":false,"template":"","format":"standard","meta":{"footnotes":""},"categories":[1],"tags":[],"class_list":["post-7938","post","type-post","status-publish","format-standard","has-post-thumbnail","hentry","category-uncategorized"],"_links":{"self":[{"href":"https:\/\/rr.unv-informacion.xyz\/index.php?rest_route=\/wp\/v2\/posts\/7938","targetHints":{"allow":["GET"]}}],"collection":[{"href":"https:\/\/rr.unv-informacion.xyz\/index.php?rest_route=\/wp\/v2\/posts"}],"about":[{"href":"https:\/\/rr.unv-informacion.xyz\/index.php?rest_route=\/wp\/v2\/types\/post"}],"author":[{"embeddable":true,"href":"https:\/\/rr.unv-informacion.xyz\/index.php?rest_route=\/wp\/v2\/users\/1"}],"replies":[{"embeddable":true,"href":"https:\/\/rr.unv-informacion.xyz\/index.php?rest_route=%2Fwp%2Fv2%2Fcomments&post=7938"}],"version-history":[{"count":1,"href":"https:\/\/rr.unv-informacion.xyz\/index.php?rest_route=\/wp\/v2\/posts\/7938\/revisions"}],"predecessor-version":[{"id":7940,"href":"https:\/\/rr.unv-informacion.xyz\/index.php?rest_route=\/wp\/v2\/posts\/7938\/revisions\/7940"}],"wp:featuredmedia":[{"embeddable":true,"href":"https:\/\/rr.unv-informacion.xyz\/index.php?rest_route=\/wp\/v2\/media\/7939"}],"wp:attachment":[{"href":"https:\/\/rr.unv-informacion.xyz\/index.php?rest_route=%2Fwp%2Fv2%2Fmedia&parent=7938"}],"wp:term":[{"taxonomy":"category","embeddable":true,"href":"https:\/\/rr.unv-informacion.xyz\/index.php?rest_route=%2Fwp%2Fv2%2Fcategories&post=7938"},{"taxonomy":"post_tag","embeddable":true,"href":"https:\/\/rr.unv-informacion.xyz\/index.php?rest_route=%2Fwp%2Fv2%2Ftags&post=7938"}],"curies":[{"name":"wp","href":"https:\/\/api.w.org\/{rel}","templated":true}]}}