{"id":7962,"date":"2025-03-22T18:18:16","date_gmt":"2025-03-22T18:18:16","guid":{"rendered":"https:\/\/rr.unv-informacion.xyz\/?p=7962"},"modified":"2025-03-22T18:18:16","modified_gmt":"2025-03-22T18:18:16","slug":"familia-exige-justicia-por-la-muerte-de-johan-elia-diaz-castro","status":"publish","type":"post","link":"https:\/\/rr.unv-informacion.xyz\/?p=7962","title":{"rendered":"Familia exige justicia por la muerte de Johan Elia D\u00edaz Castro"},"content":{"rendered":"\n<p class=\"wp-block-paragraph\">Familiares y amigos de Johan Elia D\u00edaz Castro piden acceso a videos de seguridad para esclarecer las circunstancias de su muerte tras una persecuci\u00f3n policial.<\/p>\n\n\n\n<p class=\"wp-block-paragraph\">Familiares y amigos de Johan Elia D\u00edaz Castro, un joven de 22 a\u00f1os que falleci\u00f3 tras un extra\u00f1o accidente el pasado 12 de marzo, est\u00e1n exigiendo respuestas a las autoridades y acceso a los videos de seguridad que puedan aclarar lo sucedido.<\/p>\n\n\n\n<p class=\"wp-block-paragraph\">Seg\u00fan testigos y personas cercanas a la v\u00edctima, D\u00edaz Castro iba en su pasola la noche del domingo 9 de marzo cuando, sin motivo aparente, un agente de la Polic\u00eda Nacional comenz\u00f3 a perseguirlo en motocicleta.<\/p>\n\n\n\n<p class=\"wp-block-paragraph\">La persecuci\u00f3n termin\u00f3 cerca de su casa, en el sector Ram\u00f3n Mat\u00edas Mella, antes conocido como Lengua Azul. En ese lugar, el joven cay\u00f3 al suelo y sufri\u00f3 graves fracturas en el cr\u00e1neo y la clav\u00edcula.<\/p>\n\n\n\n<p class=\"wp-block-paragraph\">Los familiares cuestionan por qu\u00e9 el polic\u00eda, identificado por testigos solo como Jim\u00e9nez, del Destacamento del Ensanche Ozama, no le brind\u00f3 ayuda tras el accidente.<\/p>\n\n\n\n<p class=\"wp-block-paragraph\">\u00ab\u00c9l cay\u00f3 en la v\u00eda contraria a la que iba. Creemos que el polic\u00eda tuvo algo que ver porque, al verlo en el suelo, no lo socorri\u00f3\u00bb, dijo Amaury Ram\u00edrez, amigo de la familia.<\/p>\n\n\n\n<p class=\"wp-block-paragraph\">Tambi\u00e9n denuncian dificultades para obtener las grabaciones de seguridad de la zona. \u00abQueremos ver los videos para saber si realmente se cay\u00f3 solo o si lo tumbaron. Hay alguien que dice que vio al polic\u00eda provocando la ca\u00edda, pero tiene miedo de hablar\u00bb, se\u00f1alaron.<\/p>\n\n\n\n<p class=\"wp-block-paragraph\">Juana Castro, madre del joven, record\u00f3 a su hijo como un joven trabajador y responsable que estudiaba mec\u00e1nica automotriz y ayudaba en una fritura familiar. \u00abMi ni\u00f1o no usaba vicios, armas, nada. Era tranquilo, trabajador, nunca tuvo problemas con nadie\u00bb, expres\u00f3 entre l\u00e1grimas.<\/p>\n\n\n\n<p class=\"wp-block-paragraph\">Vecinos de la comunidad tambi\u00e9n han mostrado su preocupaci\u00f3n, denunciando que los polic\u00edas persiguen constantemente a motoristas y repartidores, generando miedo en la zona. Adem\u00e1s, negaron los rumores de que el joven estuviera participando en un \u00abcircuito de motores\u00bb esa noche.<\/p>\n\n\n\n<p class=\"wp-block-paragraph\">Los familiares y amigos de D\u00edaz Castro no descartan realizar protestas y cerrar el puente hasta obtener respuestas y justicia.<\/p>\n\n\n\n<p class=\"wp-block-paragraph\">\u00abSi fue un accidente, lo aceptamos, pero si fue provocado, el responsable debe pagar. Se trata de una vida, y no vamos a descansar hasta que se sepa la verdad\u00bb, expres\u00f3 su amigo conocido como \u00abel Ni\u00f1o\u00bb.<\/p>\n\n\n\n<p class=\"wp-block-paragraph\">Este art\u00edculo ser\u00e1 revisado para mejorar su extensi\u00f3n.<\/p>\n","protected":false},"excerpt":{"rendered":"<p>Familiares y amigos de Johan Elia D\u00edaz Castro piden acceso a videos de seguridad para esclarecer las circunstancias de su muerte tras una persecuci\u00f3n policial. Familiares y amigos de Johan Elia D\u00edaz Castro, un joven de 22 a\u00f1os que falleci\u00f3 tras un extra\u00f1o accidente el pasado 12 de marzo, est\u00e1n exigiendo respuestas a las autoridades [&hellip;]<\/p>\n","protected":false},"author":1,"featured_media":7963,"comment_status":"open","ping_status":"open","sticky":false,"template":"","format":"standard","meta":{"footnotes":""},"categories":[1],"tags":[],"class_list":["post-7962","post","type-post","status-publish","format-standard","has-post-thumbnail","hentry","category-uncategorized"],"_links":{"self":[{"href":"https:\/\/rr.unv-informacion.xyz\/index.php?rest_route=\/wp\/v2\/posts\/7962","targetHints":{"allow":["GET"]}}],"collection":[{"href":"https:\/\/rr.unv-informacion.xyz\/index.php?rest_route=\/wp\/v2\/posts"}],"about":[{"href":"https:\/\/rr.unv-informacion.xyz\/index.php?rest_route=\/wp\/v2\/types\/post"}],"author":[{"embeddable":true,"href":"https:\/\/rr.unv-informacion.xyz\/index.php?rest_route=\/wp\/v2\/users\/1"}],"replies":[{"embeddable":true,"href":"https:\/\/rr.unv-informacion.xyz\/index.php?rest_route=%2Fwp%2Fv2%2Fcomments&post=7962"}],"version-history":[{"count":1,"href":"https:\/\/rr.unv-informacion.xyz\/index.php?rest_route=\/wp\/v2\/posts\/7962\/revisions"}],"predecessor-version":[{"id":7964,"href":"https:\/\/rr.unv-informacion.xyz\/index.php?rest_route=\/wp\/v2\/posts\/7962\/revisions\/7964"}],"wp:featuredmedia":[{"embeddable":true,"href":"https:\/\/rr.unv-informacion.xyz\/index.php?rest_route=\/wp\/v2\/media\/7963"}],"wp:attachment":[{"href":"https:\/\/rr.unv-informacion.xyz\/index.php?rest_route=%2Fwp%2Fv2%2Fmedia&parent=7962"}],"wp:term":[{"taxonomy":"category","embeddable":true,"href":"https:\/\/rr.unv-informacion.xyz\/index.php?rest_route=%2Fwp%2Fv2%2Fcategories&post=7962"},{"taxonomy":"post_tag","embeddable":true,"href":"https:\/\/rr.unv-informacion.xyz\/index.php?rest_route=%2Fwp%2Fv2%2Ftags&post=7962"}],"curies":[{"name":"wp","href":"https:\/\/api.w.org\/{rel}","templated":true}]}}