{"id":7976,"date":"2025-03-23T18:54:21","date_gmt":"2025-03-23T18:54:21","guid":{"rendered":"https:\/\/rr.unv-informacion.xyz\/?p=7976"},"modified":"2025-03-23T18:54:21","modified_gmt":"2025-03-23T18:54:21","slug":"mujer-herida-en-ataque-de-su-pareja-sale-del-coma","status":"publish","type":"post","link":"https:\/\/rr.unv-informacion.xyz\/?p=7976","title":{"rendered":"Mujer herida en ataque de su pareja sale del coma"},"content":{"rendered":"\n<p class=\"wp-block-paragraph\">Berenice G\u00f3mez V\u00e1squez sali\u00f3 del coma tras el ataque de su pareja. Su familia exige justicia mientras el caso sigue en proceso judicial.<\/p>\n\n\n\n<p class=\"wp-block-paragraph\">Berenice G\u00f3mez V\u00e1squez, quien result\u00f3 gravemente herida en el ataque cometido por su pareja, Eddy Jes\u00fas Camarena Mart\u00ednez, ha salido del coma y se encuentra estable. As\u00ed lo inform\u00f3 su t\u00eda, Damaris G\u00f3mez.<\/p>\n\n\n\n<p class=\"wp-block-paragraph\">\u00abElla est\u00e1 bien, gracias a Dios. Ya sali\u00f3 del coma, ya habla y puede comer\u00bb, expres\u00f3 su familiar. Tambi\u00e9n se\u00f1al\u00f3 que a Berenice ya le han contado sobre la muerte de su hija de tres a\u00f1os, aunque a\u00fan no le han dicho que el responsable fue su pareja.<\/p>\n\n\n\n<p class=\"wp-block-paragraph\">El ataque ocurri\u00f3 el pasado 19 de marzo en el sector Los Jardines. En este tr\u00e1gico hecho perdieron la vida la madre del agresor, Milagros Altagracia Jim\u00e9nez, y la hija de Berenice, mientras que ella sufri\u00f3 graves heridas.<\/p>\n\n\n\n<p class=\"wp-block-paragraph\">El caso sigue en proceso y la audiencia de medida de coerci\u00f3n contra Eddy Jes\u00fas Camarena Mart\u00ednez est\u00e1 programada para el 25 de marzo.<\/p>\n\n\n\n<p class=\"wp-block-paragraph\">El acusado ha afirmado que actu\u00f3 bajo la influencia de \u00abalgo sobrenatural\u00bb y que no era consciente de sus acciones.<\/p>\n\n\n\n<p class=\"wp-block-paragraph\">Mientras tanto, el Ministerio P\u00fablico ha confirmado que solicitar\u00e1 prisi\u00f3n preventiva contra \u00e9l, debido a la gravedad del crimen.<\/p>\n\n\n\n<p class=\"wp-block-paragraph\">Familiares y amigos siguen pidiendo justicia para las v\u00edctimas y apoyo para Berenice, quien a\u00fan enfrenta un largo proceso de recuperaci\u00f3n tanto f\u00edsica como emocionalmente.<\/p>\n\n\n<iframe loading=\"lazy\" src=\"https:\/\/www.facebook.com\/plugins\/video.php?href=https%3A%2F%2Fwww.facebook.com%2Freel%2F3964817470500411%2F%3Fref%3Dembed_video&#038;show_text=0&#038;width=267\" width=\"267\" height=\"476\" style=\"border:none;overflow:hidden\" scrolling=\"no\" frameborder=\"0\" allowfullscreen=\"true\" allow=\"autoplay; clipboard-write; encrypted-media; picture-in-picture; web-share\" allowFullScreen=\"true\"><\/iframe>\n\n<iframe loading=\"lazy\" src=\"https:\/\/www.facebook.com\/plugins\/video.php?href=https%3A%2F%2Fwww.facebook.com%2Freel%2F675895198452363%2F%3Fref%3Dembed_video&#038;show_text=0&#038;width=560\" width=\"560\" height=\"315\" style=\"border:none;overflow:hidden\" scrolling=\"no\" frameborder=\"0\" allowfullscreen=\"true\" allow=\"autoplay; clipboard-write; encrypted-media; picture-in-picture; web-share\" allowFullScreen=\"true\"><\/iframe>","protected":false},"excerpt":{"rendered":"<p>Berenice G\u00f3mez V\u00e1squez sali\u00f3 del coma tras el ataque de su pareja. Su familia exige justicia mientras el caso sigue en proceso judicial. Berenice G\u00f3mez V\u00e1squez, quien result\u00f3 gravemente herida en el ataque cometido por su pareja, Eddy Jes\u00fas Camarena Mart\u00ednez, ha salido del coma y se encuentra estable. As\u00ed lo inform\u00f3 su t\u00eda, Damaris [&hellip;]<\/p>\n","protected":false},"author":1,"featured_media":7977,"comment_status":"open","ping_status":"open","sticky":false,"template":"","format":"standard","meta":{"footnotes":""},"categories":[1],"tags":[],"class_list":["post-7976","post","type-post","status-publish","format-standard","has-post-thumbnail","hentry","category-uncategorized"],"_links":{"self":[{"href":"https:\/\/rr.unv-informacion.xyz\/index.php?rest_route=\/wp\/v2\/posts\/7976","targetHints":{"allow":["GET"]}}],"collection":[{"href":"https:\/\/rr.unv-informacion.xyz\/index.php?rest_route=\/wp\/v2\/posts"}],"about":[{"href":"https:\/\/rr.unv-informacion.xyz\/index.php?rest_route=\/wp\/v2\/types\/post"}],"author":[{"embeddable":true,"href":"https:\/\/rr.unv-informacion.xyz\/index.php?rest_route=\/wp\/v2\/users\/1"}],"replies":[{"embeddable":true,"href":"https:\/\/rr.unv-informacion.xyz\/index.php?rest_route=%2Fwp%2Fv2%2Fcomments&post=7976"}],"version-history":[{"count":1,"href":"https:\/\/rr.unv-informacion.xyz\/index.php?rest_route=\/wp\/v2\/posts\/7976\/revisions"}],"predecessor-version":[{"id":7978,"href":"https:\/\/rr.unv-informacion.xyz\/index.php?rest_route=\/wp\/v2\/posts\/7976\/revisions\/7978"}],"wp:featuredmedia":[{"embeddable":true,"href":"https:\/\/rr.unv-informacion.xyz\/index.php?rest_route=\/wp\/v2\/media\/7977"}],"wp:attachment":[{"href":"https:\/\/rr.unv-informacion.xyz\/index.php?rest_route=%2Fwp%2Fv2%2Fmedia&parent=7976"}],"wp:term":[{"taxonomy":"category","embeddable":true,"href":"https:\/\/rr.unv-informacion.xyz\/index.php?rest_route=%2Fwp%2Fv2%2Fcategories&post=7976"},{"taxonomy":"post_tag","embeddable":true,"href":"https:\/\/rr.unv-informacion.xyz\/index.php?rest_route=%2Fwp%2Fv2%2Ftags&post=7976"}],"curies":[{"name":"wp","href":"https:\/\/api.w.org\/{rel}","templated":true}]}}