{"id":7986,"date":"2025-03-23T19:11:05","date_gmt":"2025-03-23T19:11:05","guid":{"rendered":"https:\/\/rr.unv-informacion.xyz\/?p=7986"},"modified":"2025-03-23T19:11:06","modified_gmt":"2025-03-23T19:11:06","slug":"joven-pierde-la-vida-tras-ser-embestida-por-vehiculo-en-hato-mayor","status":"publish","type":"post","link":"https:\/\/rr.unv-informacion.xyz\/?p=7986","title":{"rendered":"Joven pierde la vida tras ser embestida por veh\u00edculo en Hato Mayor"},"content":{"rendered":"\n<p class=\"wp-block-paragraph\">Una joven de unos 28 a\u00f1os falleci\u00f3 tras ser atropellada en Hato Mayor. Se investiga a su expareja como posible responsable del tr\u00e1gico suceso.<\/p>\n\n\n\n<p class=\"wp-block-paragraph\">HATO MAYOR.\u2013 La madrugada de este s\u00e1bado, una joven perdi\u00f3 la vida tras ser impactada por un veh\u00edculo y atropellada en m\u00faltiples ocasiones en el sector Las Chinas, al norte de Hato Mayor.<\/p>\n\n\n\n<p class=\"wp-block-paragraph\">La v\u00edctima fue identificada como Noem\u00ed Esther Varela Marte, de aproximadamente 28 a\u00f1os, residente en el sector Los Polanco y oriunda de Haina, San Crist\u00f3bal. Seg\u00fan el informe m\u00e9dico, falleci\u00f3 a causa de aplastamiento y trauma cr\u00e1neoencef\u00e1lico.<\/p>\n\n\n\n<p class=\"wp-block-paragraph\">Las primeras investigaciones se\u00f1alan que el hecho habr\u00eda sido cometido por su expareja, quien utiliz\u00f3 un veh\u00edculo marca Jeep de color gris, presuntamente propiedad de la fallecida, para embestirla.<\/p>\n\n\n\n<p class=\"wp-block-paragraph\">Sin embargo, la Polic\u00eda Nacional contin\u00faa las pesquisas para esclarecer el caso.<\/p>\n\n\n\n<p class=\"wp-block-paragraph\">El tr\u00e1gico suceso ocurri\u00f3 alrededor de las 4:00 a. m. de este domingo. Minutos antes, Noem\u00ed comparti\u00f3 varias historias en su cuenta de Facebook.<\/p>\n\n\n\n<p class=\"wp-block-paragraph\">La joven era propietaria de un sal\u00f3n de belleza y vend\u00eda extensiones de cabello. Deja en la orfandad a una ni\u00f1a peque\u00f1a, fruto de su relaci\u00f3n con el presunto agresor.<\/p>\n\n\n\n<p class=\"wp-block-paragraph\">Su cuerpo fue trasladado a la morgue del Hospital Leopoldo Mart\u00ednez y ser\u00e1 enviado al Instituto Nacional de Ciencias Forenses (INACIF) para los procedimientos correspondientes.<\/p>\n\n\n\n<p class=\"wp-block-paragraph\">Las autoridades han intensificado la b\u00fasqueda del responsable y piden colaboraci\u00f3n a la ciudadan\u00eda para dar con su paradero.<\/p>\n\n\n\n<p class=\"wp-block-paragraph\">En cuanto se tengan m\u00e1s detalles de este tr\u00e1gico caso, emitiremos un nuevo comunicado ampliando toda la informaci\u00f3n veraz que en su momento est\u00e9 disponible.<\/p>\n\n\n\n<figure class=\"wp-block-image size-full\"><img loading=\"lazy\" decoding=\"async\" width=\"819\" height=\"1024\" src=\"https:\/\/rr.unv-informacion.xyz\/wp-content\/uploads\/2025\/03\/FB_IMG_1742736407576-819x1024-1.jpg\" alt=\"\" class=\"wp-image-7987\" srcset=\"https:\/\/rr.unv-informacion.xyz\/wp-content\/uploads\/2025\/03\/FB_IMG_1742736407576-819x1024-1.jpg 819w, https:\/\/rr.unv-informacion.xyz\/wp-content\/uploads\/2025\/03\/FB_IMG_1742736407576-819x1024-1-240x300.jpg 240w, https:\/\/rr.unv-informacion.xyz\/wp-content\/uploads\/2025\/03\/FB_IMG_1742736407576-819x1024-1-768x960.jpg 768w, https:\/\/rr.unv-informacion.xyz\/wp-content\/uploads\/2025\/03\/FB_IMG_1742736407576-819x1024-1-336x420.jpg 336w, https:\/\/rr.unv-informacion.xyz\/wp-content\/uploads\/2025\/03\/FB_IMG_1742736407576-819x1024-1-640x800.jpg 640w, https:\/\/rr.unv-informacion.xyz\/wp-content\/uploads\/2025\/03\/FB_IMG_1742736407576-819x1024-1-681x851.jpg 681w\" sizes=\"auto, (max-width: 819px) 100vw, 819px\" \/><\/figure>\n\n\n\n<figure class=\"wp-block-image size-full\"><img loading=\"lazy\" decoding=\"async\" width=\"819\" height=\"1024\" src=\"https:\/\/rr.unv-informacion.xyz\/wp-content\/uploads\/2025\/03\/FB_IMG_1742736419377-819x1024-1.jpg\" alt=\"\" class=\"wp-image-7988\" srcset=\"https:\/\/rr.unv-informacion.xyz\/wp-content\/uploads\/2025\/03\/FB_IMG_1742736419377-819x1024-1.jpg 819w, https:\/\/rr.unv-informacion.xyz\/wp-content\/uploads\/2025\/03\/FB_IMG_1742736419377-819x1024-1-240x300.jpg 240w, https:\/\/rr.unv-informacion.xyz\/wp-content\/uploads\/2025\/03\/FB_IMG_1742736419377-819x1024-1-768x960.jpg 768w, https:\/\/rr.unv-informacion.xyz\/wp-content\/uploads\/2025\/03\/FB_IMG_1742736419377-819x1024-1-336x420.jpg 336w, https:\/\/rr.unv-informacion.xyz\/wp-content\/uploads\/2025\/03\/FB_IMG_1742736419377-819x1024-1-640x800.jpg 640w, https:\/\/rr.unv-informacion.xyz\/wp-content\/uploads\/2025\/03\/FB_IMG_1742736419377-819x1024-1-681x851.jpg 681w\" sizes=\"auto, (max-width: 819px) 100vw, 819px\" \/><\/figure>\n\n\n<p><iframe loading=\"lazy\" style=\"border: none; overflow: hidden;\" src=\"https:\/\/www.facebook.com\/plugins\/video.php?href=https%3A%2F%2Fwww.facebook.com%2Freel%2F4133658210205489%2F%3Fref%3Dembed_video&amp;show_text=0&amp;width=268\" width=\"268\" height=\"476\" frameborder=\"0\" scrolling=\"no\" allowfullscreen=\"allowfullscreen\"><\/iframe><\/p>\n\n<blockquote class=\"twitter-tweet\" data-media-max-width=\"560\"><p lang=\"es\" dir=\"ltr\">Video del caso que enluta a comunidad de Hato Mayor. <a href=\"https:\/\/t.co\/aTz3Aiy8jm\">https:\/\/t.co\/aTz3Aiy8jm<\/a> <a href=\"https:\/\/t.co\/FIgMD8b5Ba\">pic.twitter.com\/FIgMD8b5Ba<\/a><\/p>&mdash; Noticias Pa\u00eds (@noticiaspaisnew) <a href=\"https:\/\/twitter.com\/noticiaspaisnew\/status\/1903868713373483319?ref_src=twsrc%5Etfw\">March 23, 2025<\/a><\/blockquote> <script async src=\"https:\/\/platform.twitter.com\/widgets.js\" charset=\"utf-8\"><\/script>","protected":false},"excerpt":{"rendered":"<p>Una joven de unos 28 a\u00f1os falleci\u00f3 tras ser atropellada en Hato Mayor. Se investiga a su expareja como posible responsable del tr\u00e1gico suceso. HATO MAYOR.\u2013 La madrugada de este s\u00e1bado, una joven perdi\u00f3 la vida tras ser impactada por un veh\u00edculo y atropellada en m\u00faltiples ocasiones en el sector Las Chinas, al norte de [&hellip;]<\/p>\n","protected":false},"author":1,"featured_media":7987,"comment_status":"open","ping_status":"open","sticky":false,"template":"","format":"standard","meta":{"footnotes":""},"categories":[1],"tags":[],"class_list":["post-7986","post","type-post","status-publish","format-standard","has-post-thumbnail","hentry","category-uncategorized"],"_links":{"self":[{"href":"https:\/\/rr.unv-informacion.xyz\/index.php?rest_route=\/wp\/v2\/posts\/7986","targetHints":{"allow":["GET"]}}],"collection":[{"href":"https:\/\/rr.unv-informacion.xyz\/index.php?rest_route=\/wp\/v2\/posts"}],"about":[{"href":"https:\/\/rr.unv-informacion.xyz\/index.php?rest_route=\/wp\/v2\/types\/post"}],"author":[{"embeddable":true,"href":"https:\/\/rr.unv-informacion.xyz\/index.php?rest_route=\/wp\/v2\/users\/1"}],"replies":[{"embeddable":true,"href":"https:\/\/rr.unv-informacion.xyz\/index.php?rest_route=%2Fwp%2Fv2%2Fcomments&post=7986"}],"version-history":[{"count":1,"href":"https:\/\/rr.unv-informacion.xyz\/index.php?rest_route=\/wp\/v2\/posts\/7986\/revisions"}],"predecessor-version":[{"id":7989,"href":"https:\/\/rr.unv-informacion.xyz\/index.php?rest_route=\/wp\/v2\/posts\/7986\/revisions\/7989"}],"wp:featuredmedia":[{"embeddable":true,"href":"https:\/\/rr.unv-informacion.xyz\/index.php?rest_route=\/wp\/v2\/media\/7987"}],"wp:attachment":[{"href":"https:\/\/rr.unv-informacion.xyz\/index.php?rest_route=%2Fwp%2Fv2%2Fmedia&parent=7986"}],"wp:term":[{"taxonomy":"category","embeddable":true,"href":"https:\/\/rr.unv-informacion.xyz\/index.php?rest_route=%2Fwp%2Fv2%2Fcategories&post=7986"},{"taxonomy":"post_tag","embeddable":true,"href":"https:\/\/rr.unv-informacion.xyz\/index.php?rest_route=%2Fwp%2Fv2%2Ftags&post=7986"}],"curies":[{"name":"wp","href":"https:\/\/api.w.org\/{rel}","templated":true}]}}