{"id":7997,"date":"2025-03-24T16:56:40","date_gmt":"2025-03-24T16:56:40","guid":{"rendered":"https:\/\/rr.unv-informacion.xyz\/?p=7997"},"modified":"2025-03-24T16:56:42","modified_gmt":"2025-03-24T16:56:42","slug":"amenaza-en-marcha-donde-participara-santiago-matias-genera-preocupacion","status":"publish","type":"post","link":"https:\/\/rr.unv-informacion.xyz\/?p=7997","title":{"rendered":"Amenaza en marcha donde participar\u00e1 Santiago Mat\u00edas genera preocupaci\u00f3n"},"content":{"rendered":"\n<p class=\"wp-block-paragraph\">Santiago Mat\u00edas recibe amenaza en redes sociales tras confirmar su participaci\u00f3n en marcha en B\u00e1varo. Autoridades refuerzan seguridad ante la situaci\u00f3n.<\/p>\n\n\n\n<p class=\"wp-block-paragraph\">En B\u00e1varo, la convocatoria de una marcha con un fuerte mensaje sobre la situaci\u00f3n migratoria en la zona tur\u00edstica termin\u00f3 generando reacciones inesperadas para el comunicador y empresario Santiago Mat\u00edas.<\/p>\n\n\n\n<p class=\"wp-block-paragraph\">Mientras se preparaba para participar en una manifestaci\u00f3n organizada por la Antigua Orden en Hoyo de Friusa, recibi\u00f3 una amenaza directa a trav\u00e9s de redes sociales por parte de un ciudadano haitiano.<\/p>\n\n\n\n<p class=\"wp-block-paragraph\">Lo que comenz\u00f3 como un llamado a la reflexi\u00f3n sobre la migraci\u00f3n en la zona se transform\u00f3 r\u00e1pidamente en un escenario tenso, marcado por advertencias virtuales. Los organizadores de la marcha buscaban, seg\u00fan explicaron, promover el orden y la seguridad en comunidades como Friusa, donde el crecimiento poblacional ha generado tensiones relacionadas con la movilidad fronteriza.<\/p>\n\n\n\n<p class=\"wp-block-paragraph\">Despu\u00e9s de confirmar p\u00fablicamente su participaci\u00f3n, Santiago Mat\u00edas, conocido por su plataforma Alofoke Media Group, fue objetivo de un mensaje amenazante.<\/p>\n\n\n\n<p class=\"wp-block-paragraph\">La situaci\u00f3n fue r\u00e1pidamente reportada a las autoridades competentes, quienes comenzaron a seguir el caso para garantizar la seguridad del comunicador y el desarrollo pac\u00edfico del evento.<\/p>\n\n\n\n<p class=\"wp-block-paragraph\">A pesar de la amenaza, Mat\u00edas reafirm\u00f3 su compromiso con la marcha y con lo que considera una postura legal y soberana para defender los intereses del pa\u00eds.<\/p>\n\n\n\n<p class=\"wp-block-paragraph\">La manifestaci\u00f3n, que se llevar\u00e1 a cabo en el sector Hoyo de Friusa, ha sido apoyada por grupos que promueven el orden, la regulaci\u00f3n migratoria y el respeto a las normas dominicanas.<\/p>\n\n\n\n<p class=\"wp-block-paragraph\">La reacci\u00f3n del ciudadano haitiano, cuya identidad no ha sido revelada, ocurre en un contexto de alta sensibilidad social, donde los temas migratorios generan divisiones tanto a nivel comunitario como en los debates p\u00fablicos.<\/p>\n\n\n\n<p class=\"wp-block-paragraph\">La amenaza que se hizo a trav\u00e9s de las redes sociales ha sido considerada por las autoridades como una se\u00f1al de alerta que debe manejarse con responsabilidad, dado el clima de tensi\u00f3n que podr\u00eda surgir si no se trata con prudencia.<\/p>\n\n\n\n<p class=\"wp-block-paragraph\">Desde el anuncio de la amenaza, la seguridad en torno a la marcha ha sido reforzada, y las autoridades permanecen atentas para asegurar la paz social y la integridad de los participantes.<\/p>\n\n\n\n<figure class=\"wp-block-image size-large\"><img loading=\"lazy\" decoding=\"async\" width=\"681\" height=\"1024\" src=\"https:\/\/rr.unv-informacion.xyz\/wp-content\/uploads\/2025\/03\/473191732_975517497812345_9218232096128838826_n-1140x1713-1-681x1024.jpg\" alt=\"\" class=\"wp-image-7998\" srcset=\"https:\/\/rr.unv-informacion.xyz\/wp-content\/uploads\/2025\/03\/473191732_975517497812345_9218232096128838826_n-1140x1713-1-681x1024.jpg 681w, https:\/\/rr.unv-informacion.xyz\/wp-content\/uploads\/2025\/03\/473191732_975517497812345_9218232096128838826_n-1140x1713-1-200x300.jpg 200w, https:\/\/rr.unv-informacion.xyz\/wp-content\/uploads\/2025\/03\/473191732_975517497812345_9218232096128838826_n-1140x1713-1-768x1154.jpg 768w, https:\/\/rr.unv-informacion.xyz\/wp-content\/uploads\/2025\/03\/473191732_975517497812345_9218232096128838826_n-1140x1713-1.jpg 1140w\" sizes=\"auto, (max-width: 681px) 100vw, 681px\" \/><\/figure>\n","protected":false},"excerpt":{"rendered":"<p>Santiago Mat\u00edas recibe amenaza en redes sociales tras confirmar su participaci\u00f3n en marcha en B\u00e1varo. Autoridades refuerzan seguridad ante la situaci\u00f3n. En B\u00e1varo, la convocatoria de una marcha con un fuerte mensaje sobre la situaci\u00f3n migratoria en la zona tur\u00edstica termin\u00f3 generando reacciones inesperadas para el comunicador y empresario Santiago Mat\u00edas. Mientras se preparaba para [&hellip;]<\/p>\n","protected":false},"author":1,"featured_media":7998,"comment_status":"open","ping_status":"open","sticky":false,"template":"","format":"standard","meta":{"footnotes":""},"categories":[1],"tags":[],"class_list":["post-7997","post","type-post","status-publish","format-standard","has-post-thumbnail","hentry","category-uncategorized"],"_links":{"self":[{"href":"https:\/\/rr.unv-informacion.xyz\/index.php?rest_route=\/wp\/v2\/posts\/7997","targetHints":{"allow":["GET"]}}],"collection":[{"href":"https:\/\/rr.unv-informacion.xyz\/index.php?rest_route=\/wp\/v2\/posts"}],"about":[{"href":"https:\/\/rr.unv-informacion.xyz\/index.php?rest_route=\/wp\/v2\/types\/post"}],"author":[{"embeddable":true,"href":"https:\/\/rr.unv-informacion.xyz\/index.php?rest_route=\/wp\/v2\/users\/1"}],"replies":[{"embeddable":true,"href":"https:\/\/rr.unv-informacion.xyz\/index.php?rest_route=%2Fwp%2Fv2%2Fcomments&post=7997"}],"version-history":[{"count":1,"href":"https:\/\/rr.unv-informacion.xyz\/index.php?rest_route=\/wp\/v2\/posts\/7997\/revisions"}],"predecessor-version":[{"id":7999,"href":"https:\/\/rr.unv-informacion.xyz\/index.php?rest_route=\/wp\/v2\/posts\/7997\/revisions\/7999"}],"wp:featuredmedia":[{"embeddable":true,"href":"https:\/\/rr.unv-informacion.xyz\/index.php?rest_route=\/wp\/v2\/media\/7998"}],"wp:attachment":[{"href":"https:\/\/rr.unv-informacion.xyz\/index.php?rest_route=%2Fwp%2Fv2%2Fmedia&parent=7997"}],"wp:term":[{"taxonomy":"category","embeddable":true,"href":"https:\/\/rr.unv-informacion.xyz\/index.php?rest_route=%2Fwp%2Fv2%2Fcategories&post=7997"},{"taxonomy":"post_tag","embeddable":true,"href":"https:\/\/rr.unv-informacion.xyz\/index.php?rest_route=%2Fwp%2Fv2%2Ftags&post=7997"}],"curies":[{"name":"wp","href":"https:\/\/api.w.org\/{rel}","templated":true}]}}