{"id":8003,"date":"2025-03-24T17:03:43","date_gmt":"2025-03-24T17:03:43","guid":{"rendered":"https:\/\/rr.unv-informacion.xyz\/?p=8003"},"modified":"2025-03-24T17:03:44","modified_gmt":"2025-03-24T17:03:44","slug":"seguimiento-caso-del-exteniente-acusado-de-doble-homicidio-en-la-vega","status":"publish","type":"post","link":"https:\/\/rr.unv-informacion.xyz\/?p=8003","title":{"rendered":"Seguimiento caso del exteniente acusado de doble homicidio en La Vega"},"content":{"rendered":"\n<p class=\"wp-block-paragraph\">Tras m\u00e1s de dos meses pr\u00f3fugo, Juan Luis Jim\u00e9nez Adames, ex teniente de la Polic\u00eda Nacional, fue arrestado por el asesinato de su pareja y su suegra en La Vega.<\/p>\n\n\n\n<p class=\"wp-block-paragraph\">Las autoridades de La Vega confirmaron la detenci\u00f3n de Juan Luis Jim\u00e9nez Adames, ex segundo teniente de la Polic\u00eda Nacional, acusado de ultimar a su pareja y a la madre de esta el pasado 18 de enero.<\/p>\n\n\n\n<p class=\"wp-block-paragraph\">El pr\u00f3fugo fue entregado a las autoridades por el periodista Nelson D\u00edaz, representante del Comit\u00e9 Dominicano de los Derechos Humanos, en la sede policial, donde fue recibido por el vocero de la Polic\u00eda Nacional, coronel Diego Pesqueira, junto a miembros de la Dicrim y el Departamento de B\u00fasqueda y Captura de Pr\u00f3fugos.<\/p>\n\n\n\n<p class=\"wp-block-paragraph\">Los hechos<\/p>\n\n\n\n<p class=\"wp-block-paragraph\">Seg\u00fan la investigaci\u00f3n, Jim\u00e9nez Adames dispar\u00f3 mortalmente a Marisela Rodr\u00edguez Marte (51) y a su hija Mailyn Arianny Marte Rodr\u00edguez (26), quien era su pareja sentimental. Adem\u00e1s, en el ataque result\u00f3 herido Franklin Ruiz Inoa (41).<\/p>\n\n\n\n<p class=\"wp-block-paragraph\">Tras el crimen, el ex teniente huy\u00f3 en un veh\u00edculo Daihatsu Move, el cual luego fue hallado abandonado en Villa Altagracia. Desde entonces, permaneci\u00f3 oculto hasta su reciente captura.<\/p>\n\n\n\n<p class=\"wp-block-paragraph\">Evidencias y proceso judicial<\/p>\n\n\n\n<p class=\"wp-block-paragraph\">La Polic\u00eda Cient\u00edfica recolect\u00f3 casquillos de 9mm, dispositivos electr\u00f3nicos y grabaciones de seguridad, elementos clave para reconstruir el crimen y fortalecer el caso en su contra.<\/p>\n\n\n\n<p class=\"wp-block-paragraph\">Tras su arresto, Jim\u00e9nez Adames expres\u00f3 sentirse arrepentido, aunque las autoridades contin\u00faan investigando los motivos del ataque.<\/p>\n\n\n\n<p class=\"wp-block-paragraph\">El Ministerio P\u00fablico proceder\u00e1 con su sometimiento formal por doble homicidio y tentativa de asesinato, y en las pr\u00f3ximas horas se espera que se conozca la medida de coerci\u00f3n en su contra.<\/p>\n\n\n\n<p class=\"wp-block-paragraph\">Las autoridades reiteran su compromiso con la justicia y exhortan a la ciudadan\u00eda a colaborar con informaci\u00f3n sobre pr\u00f3fugos a trav\u00e9s de los canales oficiales.<\/p>\n\n\n<iframe loading=\"lazy\" src=\"https:\/\/www.facebook.com\/plugins\/video.php?href=https%3A%2F%2Fwww.facebook.com%2F61561688266694%2Fvideos%2F1177679000420262%2F%3Fref%3Dembed_video&#038;show_text=0&#038;width=267\" width=\"267\" height=\"476\" style=\"border:none;overflow:hidden\" scrolling=\"no\" frameborder=\"0\" allowfullscreen=\"true\" allow=\"autoplay; clipboard-write; encrypted-media; picture-in-picture; web-share\" allowFullScreen=\"true\"><\/iframe>","protected":false},"excerpt":{"rendered":"<p>Tras m\u00e1s de dos meses pr\u00f3fugo, Juan Luis Jim\u00e9nez Adames, ex teniente de la Polic\u00eda Nacional, fue arrestado por el asesinato de su pareja y su suegra en La Vega. Las autoridades de La Vega confirmaron la detenci\u00f3n de Juan Luis Jim\u00e9nez Adames, ex segundo teniente de la Polic\u00eda Nacional, acusado de ultimar a su [&hellip;]<\/p>\n","protected":false},"author":1,"featured_media":8004,"comment_status":"open","ping_status":"open","sticky":false,"template":"","format":"standard","meta":{"footnotes":""},"categories":[1],"tags":[],"class_list":["post-8003","post","type-post","status-publish","format-standard","has-post-thumbnail","hentry","category-uncategorized"],"_links":{"self":[{"href":"https:\/\/rr.unv-informacion.xyz\/index.php?rest_route=\/wp\/v2\/posts\/8003","targetHints":{"allow":["GET"]}}],"collection":[{"href":"https:\/\/rr.unv-informacion.xyz\/index.php?rest_route=\/wp\/v2\/posts"}],"about":[{"href":"https:\/\/rr.unv-informacion.xyz\/index.php?rest_route=\/wp\/v2\/types\/post"}],"author":[{"embeddable":true,"href":"https:\/\/rr.unv-informacion.xyz\/index.php?rest_route=\/wp\/v2\/users\/1"}],"replies":[{"embeddable":true,"href":"https:\/\/rr.unv-informacion.xyz\/index.php?rest_route=%2Fwp%2Fv2%2Fcomments&post=8003"}],"version-history":[{"count":1,"href":"https:\/\/rr.unv-informacion.xyz\/index.php?rest_route=\/wp\/v2\/posts\/8003\/revisions"}],"predecessor-version":[{"id":8005,"href":"https:\/\/rr.unv-informacion.xyz\/index.php?rest_route=\/wp\/v2\/posts\/8003\/revisions\/8005"}],"wp:featuredmedia":[{"embeddable":true,"href":"https:\/\/rr.unv-informacion.xyz\/index.php?rest_route=\/wp\/v2\/media\/8004"}],"wp:attachment":[{"href":"https:\/\/rr.unv-informacion.xyz\/index.php?rest_route=%2Fwp%2Fv2%2Fmedia&parent=8003"}],"wp:term":[{"taxonomy":"category","embeddable":true,"href":"https:\/\/rr.unv-informacion.xyz\/index.php?rest_route=%2Fwp%2Fv2%2Fcategories&post=8003"},{"taxonomy":"post_tag","embeddable":true,"href":"https:\/\/rr.unv-informacion.xyz\/index.php?rest_route=%2Fwp%2Fv2%2Ftags&post=8003"}],"curies":[{"name":"wp","href":"https:\/\/api.w.org\/{rel}","templated":true}]}}