{"id":8007,"date":"2025-03-25T16:08:55","date_gmt":"2025-03-25T16:08:55","guid":{"rendered":"https:\/\/rr.unv-informacion.xyz\/?p=8007"},"modified":"2025-03-25T16:08:56","modified_gmt":"2025-03-25T16:08:56","slug":"fallece-pequeno-de-10-anos-electrocutado-en-san-francisco-de-macoris","status":"publish","type":"post","link":"https:\/\/rr.unv-informacion.xyz\/?p=8007","title":{"rendered":"Fallece peque\u00f1o de 10 a\u00f1os electrocutado en San Francisco de Macor\u00eds"},"content":{"rendered":"\n<p class=\"wp-block-paragraph\">Misael Ortiz Lantigua, de 10 a\u00f1os, falleci\u00f3 en Jaya tras recibir una descarga el\u00e9ctrica mientras se ba\u00f1aba bajo la lluvia.<\/p>\n\n\n\n<p class=\"wp-block-paragraph\">Un ni\u00f1o de 10 a\u00f1os perdi\u00f3 la vida ayer en el Distrito Municipal de Jaya, en San Francisco de Macor\u00eds, tras sufrir una descarga el\u00e9ctrica.<\/p>\n\n\n\n<p class=\"wp-block-paragraph\">El menor, identificado como Misael Ortiz Lantigua, se encontraba jugando bajo la lluvia cuando ocurri\u00f3 la tragedia, seg\u00fan relataron sus familiares.<\/p>\n\n\n\n<p class=\"wp-block-paragraph\">Las autoridades realizaron el proceso correspondiente y entregaron el cuerpo sin vida a sus familiares. En cuanto se tengan m\u00e1s detalles de este tr\u00e1gico caso, emitiremos un nuevo comunicado ampliando toda la informaci\u00f3n veraz que en su momento est\u00e9 disponible.<\/p>\n\n\n\n<figure class=\"wp-block-embed is-type-video is-provider-youtube wp-block-embed-youtube wp-embed-aspect-16-9 wp-has-aspect-ratio\"><div class=\"wp-block-embed__wrapper\">\n<iframe loading=\"lazy\" title=\"MIREN LO QUE LE PAS\u00d3 A ESTE NI\u00d1O DE 10 A\u00d1OS EN SFM\" width=\"640\" height=\"360\" src=\"https:\/\/www.youtube.com\/embed\/TUmFImF5lAs?feature=oembed\" frameborder=\"0\" allow=\"accelerometer; autoplay; clipboard-write; encrypted-media; gyroscope; picture-in-picture; web-share\" referrerpolicy=\"strict-origin-when-cross-origin\" allowfullscreen><\/iframe>\n<\/div><\/figure>\n","protected":false},"excerpt":{"rendered":"<p>Misael Ortiz Lantigua, de 10 a\u00f1os, falleci\u00f3 en Jaya tras recibir una descarga el\u00e9ctrica mientras se ba\u00f1aba bajo la lluvia. Un ni\u00f1o de 10 a\u00f1os perdi\u00f3 la vida ayer en el Distrito Municipal de Jaya, en San Francisco de Macor\u00eds, tras sufrir una descarga el\u00e9ctrica. El menor, identificado como Misael Ortiz Lantigua, se encontraba jugando [&hellip;]<\/p>\n","protected":false},"author":1,"featured_media":8008,"comment_status":"open","ping_status":"open","sticky":false,"template":"","format":"standard","meta":{"footnotes":""},"categories":[1],"tags":[],"class_list":["post-8007","post","type-post","status-publish","format-standard","has-post-thumbnail","hentry","category-uncategorized"],"_links":{"self":[{"href":"https:\/\/rr.unv-informacion.xyz\/index.php?rest_route=\/wp\/v2\/posts\/8007","targetHints":{"allow":["GET"]}}],"collection":[{"href":"https:\/\/rr.unv-informacion.xyz\/index.php?rest_route=\/wp\/v2\/posts"}],"about":[{"href":"https:\/\/rr.unv-informacion.xyz\/index.php?rest_route=\/wp\/v2\/types\/post"}],"author":[{"embeddable":true,"href":"https:\/\/rr.unv-informacion.xyz\/index.php?rest_route=\/wp\/v2\/users\/1"}],"replies":[{"embeddable":true,"href":"https:\/\/rr.unv-informacion.xyz\/index.php?rest_route=%2Fwp%2Fv2%2Fcomments&post=8007"}],"version-history":[{"count":1,"href":"https:\/\/rr.unv-informacion.xyz\/index.php?rest_route=\/wp\/v2\/posts\/8007\/revisions"}],"predecessor-version":[{"id":8009,"href":"https:\/\/rr.unv-informacion.xyz\/index.php?rest_route=\/wp\/v2\/posts\/8007\/revisions\/8009"}],"wp:featuredmedia":[{"embeddable":true,"href":"https:\/\/rr.unv-informacion.xyz\/index.php?rest_route=\/wp\/v2\/media\/8008"}],"wp:attachment":[{"href":"https:\/\/rr.unv-informacion.xyz\/index.php?rest_route=%2Fwp%2Fv2%2Fmedia&parent=8007"}],"wp:term":[{"taxonomy":"category","embeddable":true,"href":"https:\/\/rr.unv-informacion.xyz\/index.php?rest_route=%2Fwp%2Fv2%2Fcategories&post=8007"},{"taxonomy":"post_tag","embeddable":true,"href":"https:\/\/rr.unv-informacion.xyz\/index.php?rest_route=%2Fwp%2Fv2%2Ftags&post=8007"}],"curies":[{"name":"wp","href":"https:\/\/api.w.org\/{rel}","templated":true}]}}