{"id":8013,"date":"2025-03-25T16:14:48","date_gmt":"2025-03-25T16:14:48","guid":{"rendered":"https:\/\/rr.unv-informacion.xyz\/?p=8013"},"modified":"2025-03-25T16:14:48","modified_gmt":"2025-03-25T16:14:48","slug":"tiroteo-en-los-guaricanos-deja-un-policia-muerto","status":"publish","type":"post","link":"https:\/\/rr.unv-informacion.xyz\/?p=8013","title":{"rendered":"Tiroteo en Los Guaricanos deja un polic\u00eda muerto"},"content":{"rendered":"\n<p class=\"wp-block-paragraph\">El cabo Jos\u00e9 Alberto Arias De Jes\u00fas muri\u00f3 tras ser baleado en un operativo por contaminaci\u00f3n s\u00f3nica en Los Guaricanos. La polic\u00eda investiga el caso.<\/p>\n\n\n\n<p class=\"wp-block-paragraph\">El cabo de la Polic\u00eda Nacional, Jos\u00e9 Alberto Arias De Jes\u00fas, de 27 a\u00f1os, falleci\u00f3 la madrugada del lunes tras recibir un disparo durante un operativo en Los Guaricanos, Santo Domingo Norte.<\/p>\n\n\n\n<p class=\"wp-block-paragraph\">El hecho ocurri\u00f3 alrededor de la 1:30 a.m., cuando Arias De Jes\u00fas y su compa\u00f1ero, el cabo Carlos Luis Mieses Alcal\u00e1, acudieron a un taller de pintura en la Avenida Principal tras una denuncia por ruido excesivo al 9-1-1.<\/p>\n\n\n\n<p class=\"wp-block-paragraph\">Al llegar, los agentes fueron atacados con botellas y piedras por algunos residentes. Cuando Arias De Jes\u00fas abri\u00f3 la puerta del taller, se escuch\u00f3 un disparo desde el interior, impact\u00e1ndolo en la pelvis y el abdomen.<\/p>\n\n\n\n<p class=\"wp-block-paragraph\">El raso Melvin Mieses Moreno lo auxili\u00f3 de inmediato y lo llev\u00f3 al Hospital Traumatol\u00f3gico Dr. Ney Arias Lora, donde falleci\u00f3 mientras recib\u00eda atenci\u00f3n m\u00e9dica.<\/p>\n\n\n\n<p class=\"wp-block-paragraph\">El cuerpo del cabo est\u00e1 en el Instituto Nacional de Ciencias Forenses para la autopsia, mientras las autoridades contin\u00faan investigando el caso.<\/p>\n","protected":false},"excerpt":{"rendered":"<p>El cabo Jos\u00e9 Alberto Arias De Jes\u00fas muri\u00f3 tras ser baleado en un operativo por contaminaci\u00f3n s\u00f3nica en Los Guaricanos. La polic\u00eda investiga el caso. El cabo de la Polic\u00eda Nacional, Jos\u00e9 Alberto Arias De Jes\u00fas, de 27 a\u00f1os, falleci\u00f3 la madrugada del lunes tras recibir un disparo durante un operativo en Los Guaricanos, Santo [&hellip;]<\/p>\n","protected":false},"author":1,"featured_media":8014,"comment_status":"open","ping_status":"open","sticky":false,"template":"","format":"standard","meta":{"footnotes":""},"categories":[1],"tags":[],"class_list":["post-8013","post","type-post","status-publish","format-standard","has-post-thumbnail","hentry","category-uncategorized"],"_links":{"self":[{"href":"https:\/\/rr.unv-informacion.xyz\/index.php?rest_route=\/wp\/v2\/posts\/8013","targetHints":{"allow":["GET"]}}],"collection":[{"href":"https:\/\/rr.unv-informacion.xyz\/index.php?rest_route=\/wp\/v2\/posts"}],"about":[{"href":"https:\/\/rr.unv-informacion.xyz\/index.php?rest_route=\/wp\/v2\/types\/post"}],"author":[{"embeddable":true,"href":"https:\/\/rr.unv-informacion.xyz\/index.php?rest_route=\/wp\/v2\/users\/1"}],"replies":[{"embeddable":true,"href":"https:\/\/rr.unv-informacion.xyz\/index.php?rest_route=%2Fwp%2Fv2%2Fcomments&post=8013"}],"version-history":[{"count":1,"href":"https:\/\/rr.unv-informacion.xyz\/index.php?rest_route=\/wp\/v2\/posts\/8013\/revisions"}],"predecessor-version":[{"id":8015,"href":"https:\/\/rr.unv-informacion.xyz\/index.php?rest_route=\/wp\/v2\/posts\/8013\/revisions\/8015"}],"wp:featuredmedia":[{"embeddable":true,"href":"https:\/\/rr.unv-informacion.xyz\/index.php?rest_route=\/wp\/v2\/media\/8014"}],"wp:attachment":[{"href":"https:\/\/rr.unv-informacion.xyz\/index.php?rest_route=%2Fwp%2Fv2%2Fmedia&parent=8013"}],"wp:term":[{"taxonomy":"category","embeddable":true,"href":"https:\/\/rr.unv-informacion.xyz\/index.php?rest_route=%2Fwp%2Fv2%2Fcategories&post=8013"},{"taxonomy":"post_tag","embeddable":true,"href":"https:\/\/rr.unv-informacion.xyz\/index.php?rest_route=%2Fwp%2Fv2%2Ftags&post=8013"}],"curies":[{"name":"wp","href":"https:\/\/api.w.org\/{rel}","templated":true}]}}