{"id":8016,"date":"2025-03-25T16:17:29","date_gmt":"2025-03-25T16:17:29","guid":{"rendered":"https:\/\/rr.unv-informacion.xyz\/?p=8016"},"modified":"2025-03-25T16:17:30","modified_gmt":"2025-03-25T16:17:30","slug":"agente-usa-pistola-electrica-contra-presidente-de-cruz-roja-en-jarabacoa","status":"publish","type":"post","link":"https:\/\/rr.unv-informacion.xyz\/?p=8016","title":{"rendered":"Agente usa pistola el\u00e9ctrica contra presidente de Cruz Roja en Jarabacoa"},"content":{"rendered":"\n<p class=\"wp-block-paragraph\">Un agente de la Polic\u00eda Nacional us\u00f3 una pistola el\u00e9ctrica contra el presidente de la Cruz Roja en Jarabacoa, desatando indignaci\u00f3n y pedidos de justicia.<\/p>\n\n\n\n<p class=\"wp-block-paragraph\">La comunidad de Jarabacoa y Santiago est\u00e1 indignada tras un caso de abuso policial en el que un agente de la Polic\u00eda Nacional, identificado como Bautista, utiliz\u00f3 una pistola el\u00e9ctrica (Taser) contra el presidente de la Cruz Roja en Jarabacoa.<\/p>\n\n\n\n<p class=\"wp-block-paragraph\">La v\u00edctima, quien tambi\u00e9n estudia derecho, fue atacada mientras atend\u00eda una emergencia en el Hospital Jos\u00e9 Mar\u00eda Cabral y B\u00e1ez, en Santiago.<\/p>\n\n\n\n<p class=\"wp-block-paragraph\">El incidente ocurri\u00f3 dentro del hospital, uno de los principales centros m\u00e9dicos de la regi\u00f3n. Testigos afirman que el agente actu\u00f3 sin justificaci\u00f3n aparente al disparar la pistola el\u00e9ctrica contra el voluntario, causando revuelo en el lugar.<\/p>\n\n\n\n<p class=\"wp-block-paragraph\">Aunque a\u00fan no se han esclarecido las razones del uso de la fuerza, varias organizaciones y ciudadanos han denunciado el hecho como un abuso de autoridad.<\/p>\n\n\n\n<p class=\"wp-block-paragraph\">Este acto ha causado un gran rechazo en la comunidad, donde la Cruz Roja es altamente valorada por su labor. La organizaci\u00f3n en la regi\u00f3n ha expresado su preocupaci\u00f3n y ha exigido una investigaci\u00f3n inmediata, se\u00f1alando que el ataque a su presidente es inaceptable y puede sentar un precedente peligroso para quienes trabajan en el servicio comunitario.<\/p>\n\n\n\n<p class=\"wp-block-paragraph\">Familiares y colegas de la v\u00edctima han pedido que las autoridades intervengan para esclarecer los hechos y asegurar que el agente responsable sea castigado.<\/p>\n\n\n\n<p class=\"wp-block-paragraph\">Hasta ahora, no se ha confirmado si Bautista enfrentar\u00e1 sanciones o acciones legales, pero grupos civiles han advertido que llevar\u00e1n el caso hasta las \u00faltimas instancias si no se hace justicia.<\/p>\n\n\n\n<p class=\"wp-block-paragraph\">El abuso policial es un problema frecuente en el pa\u00eds, y este caso ha reavivado el debate sobre el uso excesivo de la fuerza por parte de la Polic\u00eda Nacional. Se espera que en los pr\u00f3ximos d\u00edas las autoridades brinden informaci\u00f3n sobre lo sucedido y decidan si tomar\u00e1n medidas contra el agente implicado.<\/p>\n\n\n\n<p class=\"wp-block-paragraph\">La comunidad exige que este caso no quede impune y que se implementen cambios para evitar hechos similares en el futuro.<\/p>\n\n\n\n<p class=\"wp-block-paragraph\">La Cruz Roja y otras organizaciones humanitarias han pedido respeto para sus miembros, quienes arriesgan sus vidas en el servicio a la sociedad.<\/p>\n\n\n\n<p class=\"wp-block-paragraph\">Este incidente resalta la urgencia de reformas en los protocolos policiales y un mayor control sobre el uso de la fuerza, especialmente en lugares como hospitales, donde la prioridad debe ser la atenci\u00f3n y el respeto a los derechos humanos.<\/p>\n\n\n<iframe loading=\"lazy\" src=\"https:\/\/www.facebook.com\/plugins\/video.php?href=https%3A%2F%2Fwww.facebook.com%2F100089359278889%2Fvideos%2F2132421237276516%2F%3Fref%3Dembed_video&#038;show_text=0&#038;width=267\" width=\"267\" height=\"476\" style=\"border:none;overflow:hidden\" scrolling=\"no\" frameborder=\"0\" allowfullscreen=\"true\" allow=\"autoplay; clipboard-write; encrypted-media; picture-in-picture; web-share\" allowFullScreen=\"true\"><\/iframe>","protected":false},"excerpt":{"rendered":"<p>Un agente de la Polic\u00eda Nacional us\u00f3 una pistola el\u00e9ctrica contra el presidente de la Cruz Roja en Jarabacoa, desatando indignaci\u00f3n y pedidos de justicia. La comunidad de Jarabacoa y Santiago est\u00e1 indignada tras un caso de abuso policial en el que un agente de la Polic\u00eda Nacional, identificado como Bautista, utiliz\u00f3 una pistola el\u00e9ctrica [&hellip;]<\/p>\n","protected":false},"author":1,"featured_media":8017,"comment_status":"open","ping_status":"open","sticky":false,"template":"","format":"standard","meta":{"footnotes":""},"categories":[1],"tags":[],"class_list":["post-8016","post","type-post","status-publish","format-standard","has-post-thumbnail","hentry","category-uncategorized"],"_links":{"self":[{"href":"https:\/\/rr.unv-informacion.xyz\/index.php?rest_route=\/wp\/v2\/posts\/8016","targetHints":{"allow":["GET"]}}],"collection":[{"href":"https:\/\/rr.unv-informacion.xyz\/index.php?rest_route=\/wp\/v2\/posts"}],"about":[{"href":"https:\/\/rr.unv-informacion.xyz\/index.php?rest_route=\/wp\/v2\/types\/post"}],"author":[{"embeddable":true,"href":"https:\/\/rr.unv-informacion.xyz\/index.php?rest_route=\/wp\/v2\/users\/1"}],"replies":[{"embeddable":true,"href":"https:\/\/rr.unv-informacion.xyz\/index.php?rest_route=%2Fwp%2Fv2%2Fcomments&post=8016"}],"version-history":[{"count":1,"href":"https:\/\/rr.unv-informacion.xyz\/index.php?rest_route=\/wp\/v2\/posts\/8016\/revisions"}],"predecessor-version":[{"id":8018,"href":"https:\/\/rr.unv-informacion.xyz\/index.php?rest_route=\/wp\/v2\/posts\/8016\/revisions\/8018"}],"wp:featuredmedia":[{"embeddable":true,"href":"https:\/\/rr.unv-informacion.xyz\/index.php?rest_route=\/wp\/v2\/media\/8017"}],"wp:attachment":[{"href":"https:\/\/rr.unv-informacion.xyz\/index.php?rest_route=%2Fwp%2Fv2%2Fmedia&parent=8016"}],"wp:term":[{"taxonomy":"category","embeddable":true,"href":"https:\/\/rr.unv-informacion.xyz\/index.php?rest_route=%2Fwp%2Fv2%2Fcategories&post=8016"},{"taxonomy":"post_tag","embeddable":true,"href":"https:\/\/rr.unv-informacion.xyz\/index.php?rest_route=%2Fwp%2Fv2%2Ftags&post=8016"}],"curies":[{"name":"wp","href":"https:\/\/api.w.org\/{rel}","templated":true}]}}