{"id":8026,"date":"2025-03-26T15:46:30","date_gmt":"2025-03-26T15:46:30","guid":{"rendered":"https:\/\/rr.unv-informacion.xyz\/?p=8026"},"modified":"2025-03-26T15:46:30","modified_gmt":"2025-03-26T15:46:30","slug":"policia-incauta-motocicleta-tras-accidente-en-dajabon","status":"publish","type":"post","link":"https:\/\/rr.unv-informacion.xyz\/?p=8026","title":{"rendered":"Polic\u00eda incauta motocicleta tras accidente en Dajab\u00f3n"},"content":{"rendered":"\n<p class=\"wp-block-paragraph\">Autoridades en Dajab\u00f3n incautan la motocicleta de alto cilindraje de Waldy, joven que sufri\u00f3 un grave accidente en una exhibici\u00f3n.<\/p>\n\n\n\n<p class=\"wp-block-paragraph\">En Dajab\u00f3n, la Polic\u00eda Nacional incaut\u00f3 la motocicleta roja de alto cilindraje que conduc\u00eda un joven identificado como Waldy, quien el pasado domingo sufri\u00f3 un grave accidente durante una exhibici\u00f3n.<\/p>\n\n\n\n<p class=\"wp-block-paragraph\">Seg\u00fan informaciones, las autoridades acudieron esta ma\u00f1ana al barrio donde reside el joven para retirar el veh\u00edculo, aunque no se ha aclarado el motivo exacto de la incautaci\u00f3n.<\/p>\n\n\n\n<p class=\"wp-block-paragraph\">Afortunadamente, Waldy logr\u00f3 sobrevivir al accidente gracias a la r\u00e1pida atenci\u00f3n de los m\u00e9dicos. Este suceso ha revivido el dolor en su familia, ya que el a\u00f1o pasado su padre sufri\u00f3 un accidente similar que lamentablemente le cost\u00f3 la vida.<\/p>\n\n\n\n<figure class=\"wp-block-image size-large\"><img loading=\"lazy\" decoding=\"async\" width=\"739\" height=\"1024\" src=\"https:\/\/rr.unv-informacion.xyz\/wp-content\/uploads\/2025\/03\/485980656_122218218806218074_1657896778474740162_n-739x1024.jpg\" alt=\"\" class=\"wp-image-8027\" srcset=\"https:\/\/rr.unv-informacion.xyz\/wp-content\/uploads\/2025\/03\/485980656_122218218806218074_1657896778474740162_n-739x1024.jpg 739w, https:\/\/rr.unv-informacion.xyz\/wp-content\/uploads\/2025\/03\/485980656_122218218806218074_1657896778474740162_n-216x300.jpg 216w, https:\/\/rr.unv-informacion.xyz\/wp-content\/uploads\/2025\/03\/485980656_122218218806218074_1657896778474740162_n-768x1065.jpg 768w, https:\/\/rr.unv-informacion.xyz\/wp-content\/uploads\/2025\/03\/485980656_122218218806218074_1657896778474740162_n.jpg 1242w\" sizes=\"auto, (max-width: 739px) 100vw, 739px\" \/><\/figure>\n\n\n<p><iframe loading=\"lazy\" src=\"https:\/\/www.facebook.com\/plugins\/video.php?href=https%3A%2F%2Fwww.facebook.com%2Freel%2F1379318639742520%2F%3Fref%3Dembed_video&#038;show_text=0&#038;width=267\" width=\"267\" height=\"476\" style=\"border:none;overflow:hidden\" scrolling=\"no\" frameborder=\"0\" allowfullscreen=\"true\" allow=\"autoplay; clipboard-write; encrypted-media; picture-in-picture; web-share\" allowFullScreen=\"true\"><\/iframe><\/p>\n<p><iframe loading=\"lazy\" src=\"https:\/\/www.facebook.com\/plugins\/video.php?href=https%3A%2F%2Fwww.facebook.com%2Finformativoglobalrd%2Fvideos%2F1104070174820757%2F%3Fref%3Dembed_video&#038;show_text=0&#038;width=267\" width=\"267\" height=\"476\" style=\"border:none;overflow:hidden\" scrolling=\"no\" frameborder=\"0\" allowfullscreen=\"true\" allow=\"autoplay; clipboard-write; encrypted-media; picture-in-picture; web-share\" allowFullScreen=\"true\"><\/iframe><\/p>\n\n\n<p class=\"wp-block-paragraph\"><a href=\"https:\/\/t.me\/nuevodiarioaldia\/11673\">IMAGEN FUERTE<\/a><\/p>\n","protected":false},"excerpt":{"rendered":"<p>Autoridades en Dajab\u00f3n incautan la motocicleta de alto cilindraje de Waldy, joven que sufri\u00f3 un grave accidente en una exhibici\u00f3n. En Dajab\u00f3n, la Polic\u00eda Nacional incaut\u00f3 la motocicleta roja de alto cilindraje que conduc\u00eda un joven identificado como Waldy, quien el pasado domingo sufri\u00f3 un grave accidente durante una exhibici\u00f3n. Seg\u00fan informaciones, las autoridades acudieron [&hellip;]<\/p>\n","protected":false},"author":1,"featured_media":8027,"comment_status":"open","ping_status":"open","sticky":false,"template":"","format":"standard","meta":{"footnotes":""},"categories":[1],"tags":[],"class_list":["post-8026","post","type-post","status-publish","format-standard","has-post-thumbnail","hentry","category-uncategorized"],"_links":{"self":[{"href":"https:\/\/rr.unv-informacion.xyz\/index.php?rest_route=\/wp\/v2\/posts\/8026","targetHints":{"allow":["GET"]}}],"collection":[{"href":"https:\/\/rr.unv-informacion.xyz\/index.php?rest_route=\/wp\/v2\/posts"}],"about":[{"href":"https:\/\/rr.unv-informacion.xyz\/index.php?rest_route=\/wp\/v2\/types\/post"}],"author":[{"embeddable":true,"href":"https:\/\/rr.unv-informacion.xyz\/index.php?rest_route=\/wp\/v2\/users\/1"}],"replies":[{"embeddable":true,"href":"https:\/\/rr.unv-informacion.xyz\/index.php?rest_route=%2Fwp%2Fv2%2Fcomments&post=8026"}],"version-history":[{"count":1,"href":"https:\/\/rr.unv-informacion.xyz\/index.php?rest_route=\/wp\/v2\/posts\/8026\/revisions"}],"predecessor-version":[{"id":8028,"href":"https:\/\/rr.unv-informacion.xyz\/index.php?rest_route=\/wp\/v2\/posts\/8026\/revisions\/8028"}],"wp:featuredmedia":[{"embeddable":true,"href":"https:\/\/rr.unv-informacion.xyz\/index.php?rest_route=\/wp\/v2\/media\/8027"}],"wp:attachment":[{"href":"https:\/\/rr.unv-informacion.xyz\/index.php?rest_route=%2Fwp%2Fv2%2Fmedia&parent=8026"}],"wp:term":[{"taxonomy":"category","embeddable":true,"href":"https:\/\/rr.unv-informacion.xyz\/index.php?rest_route=%2Fwp%2Fv2%2Fcategories&post=8026"},{"taxonomy":"post_tag","embeddable":true,"href":"https:\/\/rr.unv-informacion.xyz\/index.php?rest_route=%2Fwp%2Fv2%2Ftags&post=8026"}],"curies":[{"name":"wp","href":"https:\/\/api.w.org\/{rel}","templated":true}]}}