{"id":8035,"date":"2025-03-26T15:55:45","date_gmt":"2025-03-26T15:55:45","guid":{"rendered":"https:\/\/rr.unv-informacion.xyz\/?p=8035"},"modified":"2025-03-26T15:55:45","modified_gmt":"2025-03-26T15:55:45","slug":"hombre-muere-tras-ser-atacado-a-tiros-en-bani","status":"publish","type":"post","link":"https:\/\/rr.unv-informacion.xyz\/?p=8035","title":{"rendered":"Hombre muere tras ser atacado a tiros en Ban\u00ed"},"content":{"rendered":"\n<p class=\"wp-block-paragraph\">Pedro Esterlin de La Rosa Medina, de 39 a\u00f1os, muri\u00f3 tras ser baleado desde un carro en Ban\u00ed mientras se dirig\u00eda a su casa.<\/p>\n\n\n\n<p class=\"wp-block-paragraph\">La Polic\u00eda Nacional identific\u00f3 al hombre que muri\u00f3 este martes al mediod\u00eda tras recibir m\u00faltiples disparos mientras conduc\u00eda una pasola Honda Led negra en la avenida Fabio F. Herrera, en Ban\u00ed, provincia Peravia. La v\u00edctima es Pedro Esterlin de La Rosa Medina, de 39 a\u00f1os, residente en Boca Canasta.<\/p>\n\n\n\n<p class=\"wp-block-paragraph\">Testigos informaron que un carro Sonata blanco se acerc\u00f3 a la v\u00edctima y le dispar\u00f3 mientras \u00e9l se dirig\u00eda a su casa en el residencial Don Marcelo.<\/p>\n\n\n\n<p class=\"wp-block-paragraph\">La m\u00e9dico legista Denia Guerrero, junto con la magistrada Georgia Abreu y agentes del DICRIM, realizaron el levantamiento del cuerpo. En la escena se encontraron una pistola, dinero en efectivo, un cuchillo tipo Rambo y otras pertenencias.<\/p>\n\n\n\n<p class=\"wp-block-paragraph\">Seg\u00fan la Polic\u00eda Nacional, la v\u00edctima ten\u00eda antecedentes penales y se presume que el crimen est\u00e1 relacionado con asuntos delictivos.<\/p>\n\n\n\n<p class=\"wp-block-paragraph\">El cuerpo fue enviado al Instituto Regional de Ciencias Forenses (INACIF) en Az\u00faa para los procedimientos correspondientes.<\/p>\n\n\n\n<figure class=\"wp-block-image size-large\"><img loading=\"lazy\" decoding=\"async\" width=\"819\" height=\"1024\" src=\"https:\/\/rr.unv-informacion.xyz\/wp-content\/uploads\/2025\/03\/485651757_18498749497016394_8123391136240543689_n-819x1024.jpg\" alt=\"\" class=\"wp-image-8036\" srcset=\"https:\/\/rr.unv-informacion.xyz\/wp-content\/uploads\/2025\/03\/485651757_18498749497016394_8123391136240543689_n-819x1024.jpg 819w, https:\/\/rr.unv-informacion.xyz\/wp-content\/uploads\/2025\/03\/485651757_18498749497016394_8123391136240543689_n-240x300.jpg 240w, https:\/\/rr.unv-informacion.xyz\/wp-content\/uploads\/2025\/03\/485651757_18498749497016394_8123391136240543689_n-768x960.jpg 768w, https:\/\/rr.unv-informacion.xyz\/wp-content\/uploads\/2025\/03\/485651757_18498749497016394_8123391136240543689_n.jpg 1191w\" sizes=\"auto, (max-width: 819px) 100vw, 819px\" \/><\/figure>\n\n\n\n<p class=\"wp-block-paragraph\"><a href=\"https:\/\/t.me\/nuevodiarioaldia\/11711\">VIDEO FUERTE<\/a><\/p>\n","protected":false},"excerpt":{"rendered":"<p>Pedro Esterlin de La Rosa Medina, de 39 a\u00f1os, muri\u00f3 tras ser baleado desde un carro en Ban\u00ed mientras se dirig\u00eda a su casa. La Polic\u00eda Nacional identific\u00f3 al hombre que muri\u00f3 este martes al mediod\u00eda tras recibir m\u00faltiples disparos mientras conduc\u00eda una pasola Honda Led negra en la avenida Fabio F. Herrera, en Ban\u00ed, [&hellip;]<\/p>\n","protected":false},"author":1,"featured_media":8036,"comment_status":"open","ping_status":"open","sticky":false,"template":"","format":"standard","meta":{"footnotes":""},"categories":[1],"tags":[],"class_list":["post-8035","post","type-post","status-publish","format-standard","has-post-thumbnail","hentry","category-uncategorized"],"_links":{"self":[{"href":"https:\/\/rr.unv-informacion.xyz\/index.php?rest_route=\/wp\/v2\/posts\/8035","targetHints":{"allow":["GET"]}}],"collection":[{"href":"https:\/\/rr.unv-informacion.xyz\/index.php?rest_route=\/wp\/v2\/posts"}],"about":[{"href":"https:\/\/rr.unv-informacion.xyz\/index.php?rest_route=\/wp\/v2\/types\/post"}],"author":[{"embeddable":true,"href":"https:\/\/rr.unv-informacion.xyz\/index.php?rest_route=\/wp\/v2\/users\/1"}],"replies":[{"embeddable":true,"href":"https:\/\/rr.unv-informacion.xyz\/index.php?rest_route=%2Fwp%2Fv2%2Fcomments&post=8035"}],"version-history":[{"count":1,"href":"https:\/\/rr.unv-informacion.xyz\/index.php?rest_route=\/wp\/v2\/posts\/8035\/revisions"}],"predecessor-version":[{"id":8037,"href":"https:\/\/rr.unv-informacion.xyz\/index.php?rest_route=\/wp\/v2\/posts\/8035\/revisions\/8037"}],"wp:featuredmedia":[{"embeddable":true,"href":"https:\/\/rr.unv-informacion.xyz\/index.php?rest_route=\/wp\/v2\/media\/8036"}],"wp:attachment":[{"href":"https:\/\/rr.unv-informacion.xyz\/index.php?rest_route=%2Fwp%2Fv2%2Fmedia&parent=8035"}],"wp:term":[{"taxonomy":"category","embeddable":true,"href":"https:\/\/rr.unv-informacion.xyz\/index.php?rest_route=%2Fwp%2Fv2%2Fcategories&post=8035"},{"taxonomy":"post_tag","embeddable":true,"href":"https:\/\/rr.unv-informacion.xyz\/index.php?rest_route=%2Fwp%2Fv2%2Ftags&post=8035"}],"curies":[{"name":"wp","href":"https:\/\/api.w.org\/{rel}","templated":true}]}}