{"id":8038,"date":"2025-03-26T16:01:56","date_gmt":"2025-03-26T16:01:56","guid":{"rendered":"https:\/\/rr.unv-informacion.xyz\/?p=8038"},"modified":"2025-03-26T16:01:56","modified_gmt":"2025-03-26T16:01:56","slug":"una-menor-de-9-en-santo-domingo","status":"publish","type":"post","link":"https:\/\/rr.unv-informacion.xyz\/?p=8038","title":{"rendered":"Una menor de 9 en Santo Domingo."},"content":{"rendered":"\n<p class=\"wp-block-paragraph\">Una ni\u00f1a de 8 a\u00f1os se debate entre la vida y la muerte tras sufrir graves quemaduras en Cancino Adentro, luego de ser v\u00edctima de un ataque perpetrado por otras menores.<\/p>\n\n\n\n<p class=\"wp-block-paragraph\">El caso, que ha conmocionado a la comunidad, se encuentra bajo investigaci\u00f3n por parte de las autoridades policiales.<\/p>\n\n\n\n<p class=\"wp-block-paragraph\">Seg\u00fan informes, la menor fue llevada a un solar bald\u00edo por una adolescente de 14 a\u00f1os, quien, junto a otra ni\u00f1a de 13 a\u00f1os, la ataron de pies y manos a una silla y la rociaron con gasolina extra\u00edda de un motor.<\/p>\n\n\n\n<p class=\"wp-block-paragraph\">Posteriormente, le prendieron fuego, provoc\u00e1ndole quemaduras en varias partes del cuerpo.<\/p>\n\n\n\n<p class=\"wp-block-paragraph\">Familiares relataron que, al verla en llamas, la agresora intent\u00f3 apagar el fuego sin \u00e9xito.<\/p>\n\n\n\n<p class=\"wp-block-paragraph\">La ni\u00f1a corri\u00f3 hasta su casa, donde fue auxiliada de inmediato. La madre de la v\u00edctima, identificada como Yianna Bacheli, se encuentra devastada y no pudo contener su dolor ante la prensa.<\/p>\n\n\n\n<p class=\"wp-block-paragraph\">El t\u00edo de la menor exige justicia inmediata, temiendo que la situaci\u00f3n pueda escalar y cobrar m\u00e1s vidas. Vecinos describen a la v\u00edctima como una ni\u00f1a inocente y sin maldad, y expresan su incredulidad ante la brutalidad del ataque.<\/p>\n\n\n\n<p class=\"wp-block-paragraph\">De acuerdo con allegados, la adolescente de 14 a\u00f1os ya hab\u00eda agredido a la menor en ocasiones anteriores, y enfrenta una querella por un incidente previo en el que hiri\u00f3 a un hombre con un arma blanca, situaci\u00f3n que oblig\u00f3 a su familia a mudarse.<\/p>\n\n\n\n<p class=\"wp-block-paragraph\">La v\u00edctima se encuentra recibiendo atenci\u00f3n m\u00e9dica en la unidad de quemados del hospital Robert Read Cabral, donde su estado se reporta como delicado.<\/p>\n\n\n\n<p class=\"wp-block-paragraph\">Las dos menores agresoras se encuentran detenidas mientras el Ministerio P\u00fablico investiga el caso para esclarecer los hechos y aplicar la justicia correspondiente.<\/p>\n\n\n\n<p class=\"wp-block-paragraph\">Este hecho ha generado gran consternaci\u00f3n en la comunidad de Cancino Adentro, donde vecinos afirman conocerse entre s\u00ed y nunca imaginaron que algo as\u00ed pudiera ocurrir. La investigaci\u00f3n contin\u00faa para determinar si hay m\u00e1s personas involucradas en este horrendo crimen.<\/p>\n\n\n\n<figure class=\"wp-block-embed is-type-video is-provider-youtube wp-block-embed-youtube wp-embed-aspect-16-9 wp-has-aspect-ratio\"><div class=\"wp-block-embed__wrapper\">\n<iframe loading=\"lazy\" title=\"EN VIVO: NOTICIAS TELEMICRO EMISI\u00d3N ESTELAR \/25-03-2025\" width=\"640\" height=\"360\" src=\"https:\/\/www.youtube.com\/embed\/P7P2O-eZdOo?feature=oembed\" frameborder=\"0\" allow=\"accelerometer; autoplay; clipboard-write; encrypted-media; gyroscope; picture-in-picture; web-share\" referrerpolicy=\"strict-origin-when-cross-origin\" allowfullscreen><\/iframe>\n<\/div><\/figure>\n","protected":false},"excerpt":{"rendered":"<p>Una ni\u00f1a de 8 a\u00f1os se debate entre la vida y la muerte tras sufrir graves quemaduras en Cancino Adentro, luego de ser v\u00edctima de un ataque perpetrado por otras menores. El caso, que ha conmocionado a la comunidad, se encuentra bajo investigaci\u00f3n por parte de las autoridades policiales. Seg\u00fan informes, la menor fue llevada [&hellip;]<\/p>\n","protected":false},"author":1,"featured_media":8039,"comment_status":"open","ping_status":"open","sticky":false,"template":"","format":"standard","meta":{"footnotes":""},"categories":[1],"tags":[],"class_list":["post-8038","post","type-post","status-publish","format-standard","has-post-thumbnail","hentry","category-uncategorized"],"_links":{"self":[{"href":"https:\/\/rr.unv-informacion.xyz\/index.php?rest_route=\/wp\/v2\/posts\/8038","targetHints":{"allow":["GET"]}}],"collection":[{"href":"https:\/\/rr.unv-informacion.xyz\/index.php?rest_route=\/wp\/v2\/posts"}],"about":[{"href":"https:\/\/rr.unv-informacion.xyz\/index.php?rest_route=\/wp\/v2\/types\/post"}],"author":[{"embeddable":true,"href":"https:\/\/rr.unv-informacion.xyz\/index.php?rest_route=\/wp\/v2\/users\/1"}],"replies":[{"embeddable":true,"href":"https:\/\/rr.unv-informacion.xyz\/index.php?rest_route=%2Fwp%2Fv2%2Fcomments&post=8038"}],"version-history":[{"count":1,"href":"https:\/\/rr.unv-informacion.xyz\/index.php?rest_route=\/wp\/v2\/posts\/8038\/revisions"}],"predecessor-version":[{"id":8040,"href":"https:\/\/rr.unv-informacion.xyz\/index.php?rest_route=\/wp\/v2\/posts\/8038\/revisions\/8040"}],"wp:featuredmedia":[{"embeddable":true,"href":"https:\/\/rr.unv-informacion.xyz\/index.php?rest_route=\/wp\/v2\/media\/8039"}],"wp:attachment":[{"href":"https:\/\/rr.unv-informacion.xyz\/index.php?rest_route=%2Fwp%2Fv2%2Fmedia&parent=8038"}],"wp:term":[{"taxonomy":"category","embeddable":true,"href":"https:\/\/rr.unv-informacion.xyz\/index.php?rest_route=%2Fwp%2Fv2%2Fcategories&post=8038"},{"taxonomy":"post_tag","embeddable":true,"href":"https:\/\/rr.unv-informacion.xyz\/index.php?rest_route=%2Fwp%2Fv2%2Ftags&post=8038"}],"curies":[{"name":"wp","href":"https:\/\/api.w.org\/{rel}","templated":true}]}}