{"id":8051,"date":"2025-03-27T18:04:18","date_gmt":"2025-03-27T18:04:18","guid":{"rendered":"https:\/\/rr.unv-informacion.xyz\/?p=8051"},"modified":"2025-03-27T18:04:19","modified_gmt":"2025-03-27T18:04:19","slug":"piden-justicia-a-un-ano-del-asesinato-de-yennely","status":"publish","type":"post","link":"https:\/\/rr.unv-informacion.xyz\/?p=8051","title":{"rendered":"Piden justicia a un a\u00f1o del asesinato de Yennely"},"content":{"rendered":"\n<p class=\"wp-block-paragraph\">Familiares y amigos de Yennely Duarte Hilario marcharon en Cotu\u00ed exigiendo justicia, al cumplirse un a\u00f1o de su tr\u00e1gico asesinato.<\/p>\n\n\n\n<p class=\"wp-block-paragraph\">Al cumplirse un a\u00f1o del asesinato de Yennely Duarte Hilario, familiares, amigos y vecinos marcharon por las calles de Cotu\u00ed exigiendo justicia y una r\u00e1pida resoluci\u00f3n del caso en los tribunales.<\/p>\n\n\n\n<p class=\"wp-block-paragraph\">La manifestaci\u00f3n, realizada bajo estricta vigilancia policial, fue pac\u00edfica pero llena de indignaci\u00f3n. La comunidad sigue conmocionada por la brutalidad con la que Yennely perdi\u00f3 la vida el 26 de marzo de 2024.<\/p>\n\n\n\n<p class=\"wp-block-paragraph\">Yennely, una joven carism\u00e1tica con un futuro prometedor, fue v\u00edctima de un crimen perpetrado por su amiga o expareja, Ammy Hiraldo, quien confes\u00f3 su responsabilidad tras ser arrestada. Su muerte dej\u00f3 una profunda herida en su familia y en toda la comunidad.<\/p>\n\n\n\n<p class=\"wp-block-paragraph\">El caso caus\u00f3 gran impacto en redes sociales y medios de comunicaci\u00f3n. Seg\u00fan los informes forenses, Yennely sufri\u00f3 m\u00faltiples heridas en un ataque feroz y premeditado, lo que ha aumentado las exigencias de una condena ejemplar para la acusada.<\/p>\n\n\n\n<p class=\"wp-block-paragraph\">Durante la marcha, la madre de Yennely expres\u00f3 su dolor y pidi\u00f3 que el caso no quede en el olvido ni se alargue innecesariamente. \u00abNo queremos que este crimen quede impune. Mi hija fue arrancada de nuestra familia de la manera m\u00e1s cruel, y solo pedimos justicia\u00bb, dijo entre l\u00e1grimas.<\/p>\n\n\n\n<p class=\"wp-block-paragraph\">Los manifestantes portaban pancartas con mensajes como \u00abJusticia para Yennely\u00bb, \u00abNi una menos\u00bb y \u00abNo m\u00e1s impunidad\u00bb, reflejando su dolor y determinaci\u00f3n.<\/p>\n\n\n\n<p class=\"wp-block-paragraph\">En el \u00e1mbito judicial, Ammy Hiraldo sigue en prisi\u00f3n preventiva en la c\u00e1rcel de Rafey, en Santiago. La audiencia preliminar del caso est\u00e1 programada para abril, donde se presentar\u00e1n pruebas clave que podr\u00edan llevar a una resoluci\u00f3n justa para la familia de Yennely y toda la comunidad de Cotu\u00ed.<\/p>\n\n\n\n<figure class=\"wp-block-embed is-type-video is-provider-youtube wp-block-embed-youtube wp-embed-aspect-16-9 wp-has-aspect-ratio\"><div class=\"wp-block-embed__wrapper\">\n<iframe loading=\"lazy\" title=\"Marchan en Cotu\u00ed los familiares de Yennely Duarte, asesinada hace un a\u00f1o; \u201chay m\u00e1s implicados\u201d\" width=\"640\" height=\"360\" src=\"https:\/\/www.youtube.com\/embed\/7-AryVJdK1s?feature=oembed\" frameborder=\"0\" allow=\"accelerometer; autoplay; clipboard-write; encrypted-media; gyroscope; picture-in-picture; web-share\" referrerpolicy=\"strict-origin-when-cross-origin\" allowfullscreen><\/iframe>\n<\/div><\/figure>\n\n\n<iframe loading=\"lazy\" src=\"https:\/\/www.facebook.com\/plugins\/video.php?href=https%3A%2F%2Fwww.facebook.com%2F100fuegoafuego%2Fvideos%2F636995642414570%2F%3Fref%3Dembed_video&#038;show_text=0&#038;width=560\" width=\"560\" height=\"316\" style=\"border:none;overflow:hidden\" scrolling=\"no\" frameborder=\"0\" allowfullscreen=\"true\" allow=\"autoplay; clipboard-write; encrypted-media; picture-in-picture; web-share\" allowFullScreen=\"true\"><\/iframe>\n\n<iframe loading=\"lazy\" src=\"https:\/\/www.facebook.com\/plugins\/video.php?href=https%3A%2F%2Fwww.facebook.com%2F100fuegoafuego%2Fvideos%2F2777043975836434%2F%3Fref%3Dembed_video&#038;show_text=0&#038;width=269\" width=\"269\" height=\"476\" style=\"border:none;overflow:hidden\" scrolling=\"no\" frameborder=\"0\" allowfullscreen=\"true\" allow=\"autoplay; clipboard-write; encrypted-media; picture-in-picture; web-share\" allowFullScreen=\"true\"><\/iframe>","protected":false},"excerpt":{"rendered":"<p>Familiares y amigos de Yennely Duarte Hilario marcharon en Cotu\u00ed exigiendo justicia, al cumplirse un a\u00f1o de su tr\u00e1gico asesinato. Al cumplirse un a\u00f1o del asesinato de Yennely Duarte Hilario, familiares, amigos y vecinos marcharon por las calles de Cotu\u00ed exigiendo justicia y una r\u00e1pida resoluci\u00f3n del caso en los tribunales. La manifestaci\u00f3n, realizada bajo [&hellip;]<\/p>\n","protected":false},"author":1,"featured_media":8052,"comment_status":"open","ping_status":"open","sticky":false,"template":"","format":"standard","meta":{"footnotes":""},"categories":[1],"tags":[],"class_list":["post-8051","post","type-post","status-publish","format-standard","has-post-thumbnail","hentry","category-uncategorized"],"_links":{"self":[{"href":"https:\/\/rr.unv-informacion.xyz\/index.php?rest_route=\/wp\/v2\/posts\/8051","targetHints":{"allow":["GET"]}}],"collection":[{"href":"https:\/\/rr.unv-informacion.xyz\/index.php?rest_route=\/wp\/v2\/posts"}],"about":[{"href":"https:\/\/rr.unv-informacion.xyz\/index.php?rest_route=\/wp\/v2\/types\/post"}],"author":[{"embeddable":true,"href":"https:\/\/rr.unv-informacion.xyz\/index.php?rest_route=\/wp\/v2\/users\/1"}],"replies":[{"embeddable":true,"href":"https:\/\/rr.unv-informacion.xyz\/index.php?rest_route=%2Fwp%2Fv2%2Fcomments&post=8051"}],"version-history":[{"count":1,"href":"https:\/\/rr.unv-informacion.xyz\/index.php?rest_route=\/wp\/v2\/posts\/8051\/revisions"}],"predecessor-version":[{"id":8053,"href":"https:\/\/rr.unv-informacion.xyz\/index.php?rest_route=\/wp\/v2\/posts\/8051\/revisions\/8053"}],"wp:featuredmedia":[{"embeddable":true,"href":"https:\/\/rr.unv-informacion.xyz\/index.php?rest_route=\/wp\/v2\/media\/8052"}],"wp:attachment":[{"href":"https:\/\/rr.unv-informacion.xyz\/index.php?rest_route=%2Fwp%2Fv2%2Fmedia&parent=8051"}],"wp:term":[{"taxonomy":"category","embeddable":true,"href":"https:\/\/rr.unv-informacion.xyz\/index.php?rest_route=%2Fwp%2Fv2%2Fcategories&post=8051"},{"taxonomy":"post_tag","embeddable":true,"href":"https:\/\/rr.unv-informacion.xyz\/index.php?rest_route=%2Fwp%2Fv2%2Ftags&post=8051"}],"curies":[{"name":"wp","href":"https:\/\/api.w.org\/{rel}","templated":true}]}}