{"id":8063,"date":"2025-03-28T18:58:37","date_gmt":"2025-03-28T18:58:37","guid":{"rendered":"https:\/\/rr.unv-informacion.xyz\/?p=8063"},"modified":"2025-03-28T18:58:37","modified_gmt":"2025-03-28T18:58:37","slug":"jose-munoz-confiesa-homicidio-de-expareja-y-se-entrega","status":"publish","type":"post","link":"https:\/\/rr.unv-informacion.xyz\/?p=8063","title":{"rendered":"Jos\u00e9 Mu\u00f1oz confiesa homicidio de expareja y se entrega"},"content":{"rendered":"\n<p class=\"wp-block-paragraph\">Jos\u00e9 Mu\u00f1oz confiesa el asesinato de su expareja, Mar\u00eda Esther Moya, en Navarrete. Se entreg\u00f3 a las autoridades tras el feminicidio.<\/p>\n\n\n\n<p class=\"wp-block-paragraph\">Navarrete, Santiago \u2013 Jos\u00e9 Mu\u00f1oz, expareja de Mar\u00eda Esther Moya (28 a\u00f1os), ha confesado el asesinato de la mujer en un video enviado al comunicador M\u00e1ximo Peralta. Mu\u00f1oz, padre de dos de los tres hijos de la v\u00edctima, explic\u00f3 en el video los motivos que lo llevaron a cometer el crimen.<\/p>\n\n\n\n<p class=\"wp-block-paragraph\">En una actualizaci\u00f3n de \u00faltimo minuto, se inform\u00f3 que Mu\u00f1oz se ha entregado a las autoridades policiales para los fines legales correspondientes. \u00c9l era el principal sospechoso de este horrendo hecho, que dej\u00f3 a una madre sin vida y a tres hijos hu\u00e9rfanos.<\/p>\n\n\n\n<p class=\"wp-block-paragraph\">La Polic\u00eda Nacional inform\u00f3 que se presentaron a la urbanizaci\u00f3n Los Pinos Restauraci\u00f3n en Dajabon, en la calle principal, donde se encontraba el nombrado Gregorio Mu\u00f1oz Morales, de manos del nombrado Juan de Jes\u00fas Florimon, profesor, quien junto a su representante el Lic. Nobert Tom\u00e1s, acompa\u00f1aban al agresor.<\/p>\n\n\n\n<p class=\"wp-block-paragraph\">El tr\u00e1gico suceso ocurri\u00f3 alrededor de las 6:00 de la ma\u00f1ana en la calle Primera de Navarrete, cerca de la residencia donde Mar\u00eda Esther viv\u00eda con sus tres hijos.<\/p>\n\n\n\n<p class=\"wp-block-paragraph\">En el momento del crimen, la v\u00edctima se dirig\u00eda a la cafeter\u00eda donde trabajaba, situada en la esquina del parque de Navarrete.<\/p>\n\n\n\n<p class=\"wp-block-paragraph\">Las autoridades han iniciado las investigaciones para esclarecer los detalles del feminicidio y determinar las acciones legales contra el individuo.<\/p>\n\n\n\n<p class=\"wp-block-paragraph\">Este caso ha causado conmoci\u00f3n en la comunidad de Navarrete, donde familiares y amigos de Mar\u00eda Esther Moya exigen justicia y piden el fin de la violencia contra la mujer.<\/p>\n\n\n\n<figure class=\"wp-block-image size-full\"><img loading=\"lazy\" decoding=\"async\" width=\"720\" height=\"960\" src=\"https:\/\/rr.unv-informacion.xyz\/wp-content\/uploads\/2025\/03\/486829836_1181829096734936_6021807263062036350_n.jpg\" alt=\"\" class=\"wp-image-8064\" srcset=\"https:\/\/rr.unv-informacion.xyz\/wp-content\/uploads\/2025\/03\/486829836_1181829096734936_6021807263062036350_n.jpg 720w, https:\/\/rr.unv-informacion.xyz\/wp-content\/uploads\/2025\/03\/486829836_1181829096734936_6021807263062036350_n-225x300.jpg 225w, https:\/\/rr.unv-informacion.xyz\/wp-content\/uploads\/2025\/03\/486829836_1181829096734936_6021807263062036350_n-315x420.jpg 315w, https:\/\/rr.unv-informacion.xyz\/wp-content\/uploads\/2025\/03\/486829836_1181829096734936_6021807263062036350_n-640x853.jpg 640w, https:\/\/rr.unv-informacion.xyz\/wp-content\/uploads\/2025\/03\/486829836_1181829096734936_6021807263062036350_n-681x908.jpg 681w\" sizes=\"auto, (max-width: 720px) 100vw, 720px\" \/><\/figure>\n\n\n<iframe loading=\"lazy\" src=\"https:\/\/www.facebook.com\/plugins\/video.php?href=https%3A%2F%2Fwww.facebook.com%2FTamborilnoticiashoy%2Fvideos%2F638645378942045%2F%3Fref%3Dembed_video&#038;show_text=0&#038;width=267\" width=\"267\" height=\"476\" style=\"border:none;overflow:hidden\" scrolling=\"no\" frameborder=\"0\" allowfullscreen=\"true\" allow=\"autoplay; clipboard-write; encrypted-media; picture-in-picture; web-share\" allowFullScreen=\"true\"><\/iframe>","protected":false},"excerpt":{"rendered":"<p>Jos\u00e9 Mu\u00f1oz confiesa el asesinato de su expareja, Mar\u00eda Esther Moya, en Navarrete. Se entreg\u00f3 a las autoridades tras el feminicidio. Navarrete, Santiago \u2013 Jos\u00e9 Mu\u00f1oz, expareja de Mar\u00eda Esther Moya (28 a\u00f1os), ha confesado el asesinato de la mujer en un video enviado al comunicador M\u00e1ximo Peralta. Mu\u00f1oz, padre de dos de los tres [&hellip;]<\/p>\n","protected":false},"author":1,"featured_media":8064,"comment_status":"open","ping_status":"open","sticky":false,"template":"","format":"standard","meta":{"footnotes":""},"categories":[1],"tags":[],"class_list":["post-8063","post","type-post","status-publish","format-standard","has-post-thumbnail","hentry","category-uncategorized"],"_links":{"self":[{"href":"https:\/\/rr.unv-informacion.xyz\/index.php?rest_route=\/wp\/v2\/posts\/8063","targetHints":{"allow":["GET"]}}],"collection":[{"href":"https:\/\/rr.unv-informacion.xyz\/index.php?rest_route=\/wp\/v2\/posts"}],"about":[{"href":"https:\/\/rr.unv-informacion.xyz\/index.php?rest_route=\/wp\/v2\/types\/post"}],"author":[{"embeddable":true,"href":"https:\/\/rr.unv-informacion.xyz\/index.php?rest_route=\/wp\/v2\/users\/1"}],"replies":[{"embeddable":true,"href":"https:\/\/rr.unv-informacion.xyz\/index.php?rest_route=%2Fwp%2Fv2%2Fcomments&post=8063"}],"version-history":[{"count":1,"href":"https:\/\/rr.unv-informacion.xyz\/index.php?rest_route=\/wp\/v2\/posts\/8063\/revisions"}],"predecessor-version":[{"id":8065,"href":"https:\/\/rr.unv-informacion.xyz\/index.php?rest_route=\/wp\/v2\/posts\/8063\/revisions\/8065"}],"wp:featuredmedia":[{"embeddable":true,"href":"https:\/\/rr.unv-informacion.xyz\/index.php?rest_route=\/wp\/v2\/media\/8064"}],"wp:attachment":[{"href":"https:\/\/rr.unv-informacion.xyz\/index.php?rest_route=%2Fwp%2Fv2%2Fmedia&parent=8063"}],"wp:term":[{"taxonomy":"category","embeddable":true,"href":"https:\/\/rr.unv-informacion.xyz\/index.php?rest_route=%2Fwp%2Fv2%2Fcategories&post=8063"},{"taxonomy":"post_tag","embeddable":true,"href":"https:\/\/rr.unv-informacion.xyz\/index.php?rest_route=%2Fwp%2Fv2%2Ftags&post=8063"}],"curies":[{"name":"wp","href":"https:\/\/api.w.org\/{rel}","templated":true}]}}