{"id":8066,"date":"2025-03-28T19:04:26","date_gmt":"2025-03-28T19:04:26","guid":{"rendered":"https:\/\/rr.unv-informacion.xyz\/?p=8066"},"modified":"2025-03-28T19:04:27","modified_gmt":"2025-03-28T19:04:27","slug":"alofoke-se-reune-con-el-director-de-la-pn-y-pide-marcha-pacifica-en-hoyo-de-friusa","status":"publish","type":"post","link":"https:\/\/rr.unv-informacion.xyz\/?p=8066","title":{"rendered":"Alofoke se re\u00fane con el director de la PN y pide marcha pac\u00edfica en Hoyo de Friusa"},"content":{"rendered":"\n<p class=\"wp-block-paragraph\">Santiago Mat\u00edas (Alofoke) insta a sus seguidores a marchar sin armas y de forma pac\u00edfica en Hoyo de Friusa. Autoridades garantizan seguridad.<\/p>\n\n\n\n<p class=\"wp-block-paragraph\">Santo Domingo.- El empresario y comunicador Santiago Mat\u00edas Garc\u00eda (Alofoke) llam\u00f3 a sus seguidores a asistir sin armas y de manera pac\u00edfica a la marcha convocada para este domingo en Hoyo de Friusa, provincia La Altagracia.<\/p>\n\n\n\n<p class=\"wp-block-paragraph\">\u00abSin violencia, se\u00f1ores, sin armas, solamente con la bandera dominicana y la dominicanidad en el coraz\u00f3n\u00bb, expres\u00f3 Alofoke.<\/p>\n\n\n\n<p class=\"wp-block-paragraph\">El comunicador se reuni\u00f3 con el director de la Polic\u00eda Nacional, mayor general Ram\u00f3n Antonio Guzm\u00e1n Peralta, para tratar las medidas de seguridad que se implementar\u00e1n durante la manifestaci\u00f3n.<\/p>\n\n\n\n<p class=\"wp-block-paragraph\">El mayor general Guzm\u00e1n Peralta asegur\u00f3 que la Polic\u00eda Nacional estar\u00e1 presente para garantizar el orden y la seguridad de los asistentes, reafirmando su compromiso con el respeto a los derechos ciudadanos.<\/p>\n\n\n\n<p class=\"wp-block-paragraph\">Las autoridades instaron a los participantes a mantener una actitud c\u00edvica y pac\u00edfica en la marcha.<\/p>\n\n\n<iframe loading=\"lazy\" src=\"https:\/\/www.facebook.com\/plugins\/video.php?href=https%3A%2F%2Fwww.facebook.com%2Freel%2F1601877760459101%2F%3Fref%3Dembed_video&#038;show_text=0&#038;width=267\" width=\"267\" height=\"476\" style=\"border:none;overflow:hidden\" scrolling=\"no\" frameborder=\"0\" allowfullscreen=\"true\" allow=\"autoplay; clipboard-write; encrypted-media; picture-in-picture; web-share\" allowFullScreen=\"true\"><\/iframe>","protected":false},"excerpt":{"rendered":"<p>Santiago Mat\u00edas (Alofoke) insta a sus seguidores a marchar sin armas y de forma pac\u00edfica en Hoyo de Friusa. Autoridades garantizan seguridad. Santo Domingo.- El empresario y comunicador Santiago Mat\u00edas Garc\u00eda (Alofoke) llam\u00f3 a sus seguidores a asistir sin armas y de manera pac\u00edfica a la marcha convocada para este domingo en Hoyo de Friusa, [&hellip;]<\/p>\n","protected":false},"author":1,"featured_media":8067,"comment_status":"open","ping_status":"open","sticky":false,"template":"","format":"standard","meta":{"footnotes":""},"categories":[1],"tags":[],"class_list":["post-8066","post","type-post","status-publish","format-standard","has-post-thumbnail","hentry","category-uncategorized"],"_links":{"self":[{"href":"https:\/\/rr.unv-informacion.xyz\/index.php?rest_route=\/wp\/v2\/posts\/8066","targetHints":{"allow":["GET"]}}],"collection":[{"href":"https:\/\/rr.unv-informacion.xyz\/index.php?rest_route=\/wp\/v2\/posts"}],"about":[{"href":"https:\/\/rr.unv-informacion.xyz\/index.php?rest_route=\/wp\/v2\/types\/post"}],"author":[{"embeddable":true,"href":"https:\/\/rr.unv-informacion.xyz\/index.php?rest_route=\/wp\/v2\/users\/1"}],"replies":[{"embeddable":true,"href":"https:\/\/rr.unv-informacion.xyz\/index.php?rest_route=%2Fwp%2Fv2%2Fcomments&post=8066"}],"version-history":[{"count":1,"href":"https:\/\/rr.unv-informacion.xyz\/index.php?rest_route=\/wp\/v2\/posts\/8066\/revisions"}],"predecessor-version":[{"id":8068,"href":"https:\/\/rr.unv-informacion.xyz\/index.php?rest_route=\/wp\/v2\/posts\/8066\/revisions\/8068"}],"wp:featuredmedia":[{"embeddable":true,"href":"https:\/\/rr.unv-informacion.xyz\/index.php?rest_route=\/wp\/v2\/media\/8067"}],"wp:attachment":[{"href":"https:\/\/rr.unv-informacion.xyz\/index.php?rest_route=%2Fwp%2Fv2%2Fmedia&parent=8066"}],"wp:term":[{"taxonomy":"category","embeddable":true,"href":"https:\/\/rr.unv-informacion.xyz\/index.php?rest_route=%2Fwp%2Fv2%2Fcategories&post=8066"},{"taxonomy":"post_tag","embeddable":true,"href":"https:\/\/rr.unv-informacion.xyz\/index.php?rest_route=%2Fwp%2Fv2%2Ftags&post=8066"}],"curies":[{"name":"wp","href":"https:\/\/api.w.org\/{rel}","templated":true}]}}