{"id":8069,"date":"2025-03-28T19:09:39","date_gmt":"2025-03-28T19:09:39","guid":{"rendered":"https:\/\/rr.unv-informacion.xyz\/?p=8069"},"modified":"2025-03-28T19:09:40","modified_gmt":"2025-03-28T19:09:40","slug":"joshua-riibe-podria-llegar-hoy-a-rd-para-lectura-integra","status":"publish","type":"post","link":"https:\/\/rr.unv-informacion.xyz\/?p=8069","title":{"rendered":"Joshua Riibe podr\u00eda llegar hoy a RD para lectura \u00edntegra"},"content":{"rendered":"\n<p class=\"wp-block-paragraph\">La ansiedad crece mientras el reloj avanza hacia las 9 de la ma\u00f1ana de este viernes, cuando se espera la lectura \u00edntegra del fallo sobre el habeas corpus preventivo interpuesto por la defensa del joven estadounidense Joshua Steven Riibe, figura clave en la investigaci\u00f3n sobre la desaparici\u00f3n de la estudiante Sudiksha Konanki, una joven turista que lleg\u00f3 al pa\u00eds con sue\u00f1os de disfrutar el para\u00edso caribe\u00f1o y cuya ausencia ha desatado una de las b\u00fasquedas m\u00e1s intensas en la zona este del pa\u00eds.<\/p>\n\n\n\n<p class=\"wp-block-paragraph\">El caso ha captado la atenci\u00f3n nacional e internacional, no solo por la conmoci\u00f3n que provoca la desaparici\u00f3n de una visitante extranjera, sino por las interrogantes sin resolver en torno al papel de Joshua Riibe, quien desde el inicio fue se\u00f1alado como persona de inter\u00e9s por parte de las autoridades.<\/p>\n\n\n\n<p class=\"wp-block-paragraph\">La expectativa de su posible comparecencia ante el tribunal ha generado una ola de especulaciones, movilizando a medios de comunicaci\u00f3n, abogados, representantes consulares y ciudadanos preocupados por el desarrollo del proceso.<\/p>\n\n\n\n<p class=\"wp-block-paragraph\">En la Rep\u00fablica Dominicana, la presencia del imputado en una lectura judicial no siempre es obligatoria, sin embargo, el C\u00f3digo Procesal Penal establece que en audiencias p\u00fablicas, el juez puede disponer la presencia f\u00edsica del implicado, especialmente cuando la situaci\u00f3n procesal del mismo puede cambiar a partir de esa lectura.<\/p>\n\n\n\n<p class=\"wp-block-paragraph\">Esto ha elevado la tensi\u00f3n en torno al paradero actual de Riibe, luego de que se conociera que abandon\u00f3 el pa\u00eds antes de que concluyera el proceso preliminar.<\/p>\n\n\n\n<p class=\"wp-block-paragraph\">Durante d\u00edas, el paradero del pasaporte con el que ingres\u00f3 a suelo dominicano fue un verdadero enigma. Autoridades migratorias y judiciales intentaban rastrear c\u00f3mo hab\u00eda salido del pa\u00eds sin que existiera constancia oficial.<\/p>\n\n\n\n<p class=\"wp-block-paragraph\">No obstante, se confirm\u00f3 que logr\u00f3 abandonar el territorio nacional y fue detenido posteriormente en Puerto Rico, donde fue sometido a una revisi\u00f3n migratoria.<\/p>\n\n\n\n<p class=\"wp-block-paragraph\">Este hecho dej\u00f3 al descubierto posibles debilidades en los mecanismos de control fronterizo y abri\u00f3 la puerta a nuevas cr\u00edticas sobre la eficacia del seguimiento de personas vinculadas a investigaciones activas.<\/p>\n\n\n\n<p class=\"wp-block-paragraph\">A partir de este viernes, la lectura oficial del documento judicial marcar\u00e1 un punto de inflexi\u00f3n en el caso. Seg\u00fan fuentes judiciales, el contenido de la decisi\u00f3n podr\u00eda determinar si Riibe queda sujeto a medidas restrictivas como impedimento de salida o citaci\u00f3n obligatoria, o si, por el contrario, se desestima la solicitud del habeas corpus sin implicaciones inmediatas para el joven.<\/p>\n\n\n\n<p class=\"wp-block-paragraph\">Este momento procesal podr\u00eda, adem\u00e1s, definir si el caso se mueve hacia una fase m\u00e1s avanzada o si requiere cooperaci\u00f3n bilateral con Estados Unidos.<\/p>\n\n\n\n<p class=\"wp-block-paragraph\">El Ministerio P\u00fablico ha reiterado en m\u00faltiples ocasiones que la investigaci\u00f3n sigue activa y que no se han cerrado las l\u00edneas de pesquisa.<\/p>\n\n\n\n<p class=\"wp-block-paragraph\">A pesar de que no se han emitido cargos penales formales contra Riibe, su rol en los eventos previos a la desaparici\u00f3n de Sudiksha sigue siendo objeto de an\u00e1lisis. Se han solicitado m\u00e1s pruebas t\u00e9cnicas, entrevistas y colaboraci\u00f3n con entidades estadounidenses para reconstruir el \u00faltimo d\u00eda en que se tuvo contacto con la joven.<\/p>\n\n\n\n<p class=\"wp-block-paragraph\">La familia de Sudiksha, entre tanto, se mantiene en contacto con autoridades dominicanas y espera que se logren avances significativos.<\/p>\n\n\n\n<p class=\"wp-block-paragraph\">El gobierno ha asegurado que est\u00e1 brindando asistencia consular y garantizando el cumplimiento de los protocolos internacionales en casos de desaparici\u00f3n de ciudadanos extranjeros.<\/p>\n\n\n\n<p class=\"wp-block-paragraph\">La audiencia de este viernes podr\u00eda definir el ritmo de los pr\u00f3ximos pasos procesales, abriendo la posibilidad de nuevas \u00f3rdenes judiciales, citaciones internacionales o medidas de colaboraci\u00f3n interinstitucional.<\/p>\n\n\n\n<p class=\"wp-block-paragraph\">Mientras tanto, la opini\u00f3n p\u00fablica sigue atenta a cada movimiento judicial, esperando respuestas sobre el paradero de la joven y el papel que juega Joshua Steven Riibe en este complejo y delicado proceso.<\/p>\n\n\n\n<figure class=\"wp-block-image size-large\"><img loading=\"lazy\" decoding=\"async\" width=\"1024\" height=\"512\" src=\"https:\/\/rr.unv-informacion.xyz\/wp-content\/uploads\/2025\/03\/Fachada-1-1024x512.jpg\" alt=\"\" class=\"wp-image-8070\" srcset=\"https:\/\/rr.unv-informacion.xyz\/wp-content\/uploads\/2025\/03\/Fachada-1-1024x512.jpg 1024w, https:\/\/rr.unv-informacion.xyz\/wp-content\/uploads\/2025\/03\/Fachada-1-300x150.jpg 300w, https:\/\/rr.unv-informacion.xyz\/wp-content\/uploads\/2025\/03\/Fachada-1-768x384.jpg 768w, https:\/\/rr.unv-informacion.xyz\/wp-content\/uploads\/2025\/03\/Fachada-1-840x420.jpg 840w, https:\/\/rr.unv-informacion.xyz\/wp-content\/uploads\/2025\/03\/Fachada-1.jpg 1200w\" sizes=\"auto, (max-width: 1024px) 100vw, 1024px\" \/><\/figure>\n","protected":false},"excerpt":{"rendered":"<p>La ansiedad crece mientras el reloj avanza hacia las 9 de la ma\u00f1ana de este viernes, cuando se espera la lectura \u00edntegra del fallo sobre el habeas corpus preventivo interpuesto por la defensa del joven estadounidense Joshua Steven Riibe, figura clave en la investigaci\u00f3n sobre la desaparici\u00f3n de la estudiante Sudiksha Konanki, una joven turista [&hellip;]<\/p>\n","protected":false},"author":1,"featured_media":8070,"comment_status":"open","ping_status":"open","sticky":false,"template":"","format":"standard","meta":{"footnotes":""},"categories":[1],"tags":[],"class_list":["post-8069","post","type-post","status-publish","format-standard","has-post-thumbnail","hentry","category-uncategorized"],"_links":{"self":[{"href":"https:\/\/rr.unv-informacion.xyz\/index.php?rest_route=\/wp\/v2\/posts\/8069","targetHints":{"allow":["GET"]}}],"collection":[{"href":"https:\/\/rr.unv-informacion.xyz\/index.php?rest_route=\/wp\/v2\/posts"}],"about":[{"href":"https:\/\/rr.unv-informacion.xyz\/index.php?rest_route=\/wp\/v2\/types\/post"}],"author":[{"embeddable":true,"href":"https:\/\/rr.unv-informacion.xyz\/index.php?rest_route=\/wp\/v2\/users\/1"}],"replies":[{"embeddable":true,"href":"https:\/\/rr.unv-informacion.xyz\/index.php?rest_route=%2Fwp%2Fv2%2Fcomments&post=8069"}],"version-history":[{"count":1,"href":"https:\/\/rr.unv-informacion.xyz\/index.php?rest_route=\/wp\/v2\/posts\/8069\/revisions"}],"predecessor-version":[{"id":8071,"href":"https:\/\/rr.unv-informacion.xyz\/index.php?rest_route=\/wp\/v2\/posts\/8069\/revisions\/8071"}],"wp:featuredmedia":[{"embeddable":true,"href":"https:\/\/rr.unv-informacion.xyz\/index.php?rest_route=\/wp\/v2\/media\/8070"}],"wp:attachment":[{"href":"https:\/\/rr.unv-informacion.xyz\/index.php?rest_route=%2Fwp%2Fv2%2Fmedia&parent=8069"}],"wp:term":[{"taxonomy":"category","embeddable":true,"href":"https:\/\/rr.unv-informacion.xyz\/index.php?rest_route=%2Fwp%2Fv2%2Fcategories&post=8069"},{"taxonomy":"post_tag","embeddable":true,"href":"https:\/\/rr.unv-informacion.xyz\/index.php?rest_route=%2Fwp%2Fv2%2Ftags&post=8069"}],"curies":[{"name":"wp","href":"https:\/\/api.w.org\/{rel}","templated":true}]}}