{"id":8108,"date":"2025-03-30T18:44:15","date_gmt":"2025-03-30T18:44:15","guid":{"rendered":"https:\/\/rr.unv-informacion.xyz\/?p=8108"},"modified":"2025-03-30T18:44:16","modified_gmt":"2025-03-30T18:44:16","slug":"fallece-el-teniente-odontologo-ezequiel-mojica-peguero-en-san-pedro","status":"publish","type":"post","link":"https:\/\/rr.unv-informacion.xyz\/?p=8108","title":{"rendered":"Fallece el Teniente Odont\u00f3logo Ezequiel Mojica Peguero en San Pedro"},"content":{"rendered":"\n<p class=\"wp-block-paragraph\">El Teniente Odont\u00f3logo Ezequiel Mojica Peguero, de la Fuerza A\u00e9rea Dominicana, fallece tras un infarto en San Pedro de Macor\u00eds.<\/p>\n\n\n\n<p class=\"wp-block-paragraph\">San Pedro de Macor\u00eds, 29 de marzo \u2013 La comunidad militar y los familiares del Teniente Odont\u00f3logo Ezequiel Mojica Peguero lamentan profundamente su fallecimiento. Miembro de la Fuerza A\u00e9rea de Rep\u00fablica Dominicana (FARD), Mojica Peguero sufri\u00f3 un infarto en la madrugada de hoy, lo que llev\u00f3 a su urgente traslado al Hospital Regional Dr. Antonio Musa.<\/p>\n\n\n\n<p class=\"wp-block-paragraph\">El tr\u00e1gico episodio ocurri\u00f3 alrededor de las 3:00 a.m., cuando sus familiares, al notar la emergencia, lo llevaron de inmediato al centro de salud. A pesar de los esfuerzos del equipo m\u00e9dico, su fallecimiento fue confirmado a las 5:00 a.m. mientras recib\u00eda atenci\u00f3n en el \u00e1rea de emergencias.<\/p>\n\n\n\n<p class=\"wp-block-paragraph\">Su partida ha causado un gran impacto entre sus compa\u00f1eros de la base a\u00e9rea de San Isidro, donde era reconocido por su labor profesional y compa\u00f1erismo. La instituci\u00f3n militar y sus allegados han expresado sus m\u00e1s sinceras condolencias a su familia, record\u00e1ndolo como un hombre de honor y servicio.<\/p>\n\n\n\n<p class=\"wp-block-paragraph\">Mojica Peguero deja un legado en la Fuerza A\u00e9rea y en la comunidad odontol\u00f3gica, donde se destac\u00f3 por su compromiso y dedicaci\u00f3n. Sus seres queridos agradecen las muestras de solidaridad y apoyo en este dif\u00edcil momento, mientras se preparan para darle el \u00faltimo adi\u00f3s.<\/p>\n\n\n\n<figure class=\"wp-block-image size-large\"><img loading=\"lazy\" decoding=\"async\" width=\"819\" height=\"1024\" src=\"https:\/\/rr.unv-informacion.xyz\/wp-content\/uploads\/2025\/03\/487091922_18496324756043758_6284279809774140377_n-819x1024.jpg\" alt=\"\" class=\"wp-image-8109\" srcset=\"https:\/\/rr.unv-informacion.xyz\/wp-content\/uploads\/2025\/03\/487091922_18496324756043758_6284279809774140377_n-819x1024.jpg 819w, https:\/\/rr.unv-informacion.xyz\/wp-content\/uploads\/2025\/03\/487091922_18496324756043758_6284279809774140377_n-240x300.jpg 240w, https:\/\/rr.unv-informacion.xyz\/wp-content\/uploads\/2025\/03\/487091922_18496324756043758_6284279809774140377_n-768x961.jpg 768w, https:\/\/rr.unv-informacion.xyz\/wp-content\/uploads\/2025\/03\/487091922_18496324756043758_6284279809774140377_n-336x420.jpg 336w, https:\/\/rr.unv-informacion.xyz\/wp-content\/uploads\/2025\/03\/487091922_18496324756043758_6284279809774140377_n.jpg 917w\" sizes=\"auto, (max-width: 819px) 100vw, 819px\" \/><\/figure>\n","protected":false},"excerpt":{"rendered":"<p>El Teniente Odont\u00f3logo Ezequiel Mojica Peguero, de la Fuerza A\u00e9rea Dominicana, fallece tras un infarto en San Pedro de Macor\u00eds. San Pedro de Macor\u00eds, 29 de marzo \u2013 La comunidad militar y los familiares del Teniente Odont\u00f3logo Ezequiel Mojica Peguero lamentan profundamente su fallecimiento. Miembro de la Fuerza A\u00e9rea de Rep\u00fablica Dominicana (FARD), Mojica Peguero [&hellip;]<\/p>\n","protected":false},"author":1,"featured_media":8109,"comment_status":"open","ping_status":"open","sticky":false,"template":"","format":"standard","meta":{"footnotes":""},"categories":[1],"tags":[],"class_list":["post-8108","post","type-post","status-publish","format-standard","has-post-thumbnail","hentry","category-uncategorized"],"_links":{"self":[{"href":"https:\/\/rr.unv-informacion.xyz\/index.php?rest_route=\/wp\/v2\/posts\/8108","targetHints":{"allow":["GET"]}}],"collection":[{"href":"https:\/\/rr.unv-informacion.xyz\/index.php?rest_route=\/wp\/v2\/posts"}],"about":[{"href":"https:\/\/rr.unv-informacion.xyz\/index.php?rest_route=\/wp\/v2\/types\/post"}],"author":[{"embeddable":true,"href":"https:\/\/rr.unv-informacion.xyz\/index.php?rest_route=\/wp\/v2\/users\/1"}],"replies":[{"embeddable":true,"href":"https:\/\/rr.unv-informacion.xyz\/index.php?rest_route=%2Fwp%2Fv2%2Fcomments&post=8108"}],"version-history":[{"count":1,"href":"https:\/\/rr.unv-informacion.xyz\/index.php?rest_route=\/wp\/v2\/posts\/8108\/revisions"}],"predecessor-version":[{"id":8110,"href":"https:\/\/rr.unv-informacion.xyz\/index.php?rest_route=\/wp\/v2\/posts\/8108\/revisions\/8110"}],"wp:featuredmedia":[{"embeddable":true,"href":"https:\/\/rr.unv-informacion.xyz\/index.php?rest_route=\/wp\/v2\/media\/8109"}],"wp:attachment":[{"href":"https:\/\/rr.unv-informacion.xyz\/index.php?rest_route=%2Fwp%2Fv2%2Fmedia&parent=8108"}],"wp:term":[{"taxonomy":"category","embeddable":true,"href":"https:\/\/rr.unv-informacion.xyz\/index.php?rest_route=%2Fwp%2Fv2%2Fcategories&post=8108"},{"taxonomy":"post_tag","embeddable":true,"href":"https:\/\/rr.unv-informacion.xyz\/index.php?rest_route=%2Fwp%2Fv2%2Ftags&post=8108"}],"curies":[{"name":"wp","href":"https:\/\/api.w.org\/{rel}","templated":true}]}}