{"id":8118,"date":"2025-03-31T20:54:43","date_gmt":"2025-03-31T20:54:43","guid":{"rendered":"https:\/\/rr.unv-informacion.xyz\/?p=8118"},"modified":"2025-03-31T20:54:43","modified_gmt":"2025-03-31T20:54:43","slug":"cheddy-garcia-apoya-al-presidente-de-el-salvador-tras-disturbios-en-rd","status":"publish","type":"post","link":"https:\/\/rr.unv-informacion.xyz\/?p=8118","title":{"rendered":"Cheddy Garc\u00eda apoya al presidente de El Salvador tras disturbios en RD"},"content":{"rendered":"\n<p class=\"wp-block-paragraph\">La actriz Cheddy Garc\u00eda expres\u00f3 su apoyo al presidente de El Salvador, Nayib Bukele, tras los disturbios en El Hoyo de Friusa relacionados con la inmigraci\u00f3n ilegal.<\/p>\n\n\n\n<p class=\"wp-block-paragraph\">La tarde del domingo 30 de marzo, la actriz y comediante dominicana Cheddy Garc\u00eda dedic\u00f3 un mensaje al presidente de la Rep\u00fablica Dominicana, Luis Abinader, a trav\u00e9s de sus redes sociales. Este mensaje fue una reacci\u00f3n a los disturbios ocurridos durante la marcha en el sector El Hoyo de Friusa, en la provincia La Altagracia.<\/p>\n\n\n\n<p class=\"wp-block-paragraph\">La manifestaci\u00f3n, organizada por el movimiento Antigua Orden Dominicana, termin\u00f3 de forma violenta despu\u00e9s de un enfrentamiento con las autoridades.<\/p>\n\n\n\n<p class=\"wp-block-paragraph\">La marcha comenz\u00f3 como una protesta pac\u00edfica, pero la situaci\u00f3n se intensific\u00f3 cuando los manifestantes intentaron acceder a la zona conocida como Mata Mosquitos, un barrio que, seg\u00fan los organizadores, alberga a haitianos indocumentados.<\/p>\n\n\n\n<p class=\"wp-block-paragraph\">Ante esta situaci\u00f3n, la Polic\u00eda Nacional y el Ej\u00e9rcito de la Rep\u00fablica Dominicana utilizaron bombas lacrim\u00f3genas y chorros de agua para dispersar a los participantes, lo que provoc\u00f3 el caos en la zona.<\/p>\n\n\n\n<p class=\"wp-block-paragraph\">Los agentes del orden explicaron que la marcha no contaba con la autorizaci\u00f3n necesaria para ingresar a esa \u00e1rea, lo que oblig\u00f3 a la intervenci\u00f3n policial. Este incidente caus\u00f3 una gran conmoci\u00f3n en la comunidad y gener\u00f3 una respuesta negativa por parte de algunos de los manifestantes, quienes acusaron a la polic\u00eda de vulnerar su derecho a la libre expresi\u00f3n.<\/p>\n\n\n\n<p class=\"wp-block-paragraph\">En medio de este tenso ambiente, Cheddy Garc\u00eda aprovech\u00f3 sus redes sociales para mostrar su apoyo al presidente de El Salvador, Nayib Bukele, quien recientemente expres\u00f3 su postura en defensa de la capacidad de los gobiernos para eliminar la delincuencia organizada.<\/p>\n\n\n\n<p class=\"wp-block-paragraph\">A trav\u00e9s de una publicaci\u00f3n en su cuenta oficial de Instagram, Cheddy Garc\u00eda destac\u00f3 las declaraciones de Bukele, quien asegur\u00f3 que \u00abno hay gobierno que no pueda eliminar la delincuencia\u00ab. Bukele compar\u00f3 la situaci\u00f3n de Am\u00e9rica Latina con la de Europa y los Estados Unidos, donde los carteles y las organizaciones criminales no tienen el control del territorio, algo que, seg\u00fan \u00e9l, sucede en muchas naciones latinoamericanas.<\/p>\n\n\n\n<p class=\"wp-block-paragraph\">Con su estilo caracter\u00edstico, Cheddy Garc\u00eda coment\u00f3 que \u00abs\u00f3lo lo entender\u00e1n personas con un m\u00ednimo de inteligencia\u00bb, haciendo clara su postura sobre la seguridad y la capacidad del gobierno para enfrentar los problemas relacionados con el crimen organizado.<\/p>\n\n\n\n<p class=\"wp-block-paragraph\">Adem\u00e1s de respaldar las palabras de Bukele, la actriz expres\u00f3 su apoyo a las acciones que el mandatario salvadore\u00f1o ha implementado en su pa\u00eds para controlar el territorio y combatir la violencia.<\/p>\n\n\n\n<p class=\"wp-block-paragraph\">Este incidente en El Hoyo de Friusa resalta las tensiones crecientes en la Rep\u00fablica Dominicana sobre la inmigraci\u00f3n ilegal y la presencia de haitianos indocumentados en el pa\u00eds.<\/p>\n\n\n\n<p class=\"wp-block-paragraph\">La situaci\u00f3n ha generado intensos debates tanto en el \u00e1mbito pol\u00edtico como en la sociedad, reflejando el impacto que estos problemas tienen en la seguridad nacional y la cohesi\u00f3n social.<\/p>\n\n\n\n<p class=\"wp-block-paragraph\">La controversia sobre el control de las fronteras y la lucha contra el crimen organizado contin\u00faa siendo un tema de discusi\u00f3n en muchos pa\u00edses latinoamericanos, incluida la Rep\u00fablica Dominicana. Los disturbios de este fin de semana evidencian las complejidades que enfrentan las autoridades al tratar de mantener el orden y el control del territorio.<\/p>\n\n\n\n<p class=\"wp-block-paragraph\">Las cr\u00edticas tanto internas como externas hacia el gobierno de Luis Abinader por la gesti\u00f3n de la seguridad y la inmigraci\u00f3n siguen siendo fuertes.<\/p>\n\n\n\n<p class=\"wp-block-paragraph\">El gobierno de Abinader sigue trabajando en medidas para contener la creciente preocupaci\u00f3n social, mientras que algunos sectores piden mayor firmeza en las pol\u00edticas de control de fronteras y en la lucha contra las organizaciones criminales.<\/p>\n\n\n\n<figure class=\"wp-block-embed is-type-video is-provider-youtube wp-block-embed-youtube wp-embed-aspect-16-9 wp-has-aspect-ratio\"><div class=\"wp-block-embed__wrapper\">\n<iframe loading=\"lazy\" title=\"Bukele critica a Latinoam\u00e9rica por falta de control sobre el crimen organizado\" width=\"640\" height=\"360\" src=\"https:\/\/www.youtube.com\/embed\/iq1_9dPT-Ww?feature=oembed\" frameborder=\"0\" allow=\"accelerometer; autoplay; clipboard-write; encrypted-media; gyroscope; picture-in-picture; web-share\" referrerpolicy=\"strict-origin-when-cross-origin\" allowfullscreen><\/iframe>\n<\/div><\/figure>\n","protected":false},"excerpt":{"rendered":"<p>La actriz Cheddy Garc\u00eda expres\u00f3 su apoyo al presidente de El Salvador, Nayib Bukele, tras los disturbios en El Hoyo de Friusa relacionados con la inmigraci\u00f3n ilegal. La tarde del domingo 30 de marzo, la actriz y comediante dominicana Cheddy Garc\u00eda dedic\u00f3 un mensaje al presidente de la Rep\u00fablica Dominicana, Luis Abinader, a trav\u00e9s de [&hellip;]<\/p>\n","protected":false},"author":1,"featured_media":8119,"comment_status":"open","ping_status":"open","sticky":false,"template":"","format":"standard","meta":{"footnotes":""},"categories":[1],"tags":[],"class_list":["post-8118","post","type-post","status-publish","format-standard","has-post-thumbnail","hentry","category-uncategorized"],"_links":{"self":[{"href":"https:\/\/rr.unv-informacion.xyz\/index.php?rest_route=\/wp\/v2\/posts\/8118","targetHints":{"allow":["GET"]}}],"collection":[{"href":"https:\/\/rr.unv-informacion.xyz\/index.php?rest_route=\/wp\/v2\/posts"}],"about":[{"href":"https:\/\/rr.unv-informacion.xyz\/index.php?rest_route=\/wp\/v2\/types\/post"}],"author":[{"embeddable":true,"href":"https:\/\/rr.unv-informacion.xyz\/index.php?rest_route=\/wp\/v2\/users\/1"}],"replies":[{"embeddable":true,"href":"https:\/\/rr.unv-informacion.xyz\/index.php?rest_route=%2Fwp%2Fv2%2Fcomments&post=8118"}],"version-history":[{"count":1,"href":"https:\/\/rr.unv-informacion.xyz\/index.php?rest_route=\/wp\/v2\/posts\/8118\/revisions"}],"predecessor-version":[{"id":8120,"href":"https:\/\/rr.unv-informacion.xyz\/index.php?rest_route=\/wp\/v2\/posts\/8118\/revisions\/8120"}],"wp:featuredmedia":[{"embeddable":true,"href":"https:\/\/rr.unv-informacion.xyz\/index.php?rest_route=\/wp\/v2\/media\/8119"}],"wp:attachment":[{"href":"https:\/\/rr.unv-informacion.xyz\/index.php?rest_route=%2Fwp%2Fv2%2Fmedia&parent=8118"}],"wp:term":[{"taxonomy":"category","embeddable":true,"href":"https:\/\/rr.unv-informacion.xyz\/index.php?rest_route=%2Fwp%2Fv2%2Fcategories&post=8118"},{"taxonomy":"post_tag","embeddable":true,"href":"https:\/\/rr.unv-informacion.xyz\/index.php?rest_route=%2Fwp%2Fv2%2Ftags&post=8118"}],"curies":[{"name":"wp","href":"https:\/\/api.w.org\/{rel}","templated":true}]}}