{"id":8125,"date":"2025-03-31T21:06:34","date_gmt":"2025-03-31T21:06:34","guid":{"rendered":"https:\/\/rr.unv-informacion.xyz\/?p=8125"},"modified":"2025-03-31T21:06:34","modified_gmt":"2025-03-31T21:06:34","slug":"incidentes-en-marcha-de-friusa-tras-alteracion-del-recorrido","status":"publish","type":"post","link":"https:\/\/rr.unv-informacion.xyz\/?p=8125","title":{"rendered":"Incidentes en marcha de Friusa tras alteraci\u00f3n del recorrido"},"content":{"rendered":"\n<p class=\"wp-block-paragraph\">La marcha en Friusa sufri\u00f3 incidentes cuando un grupo alter\u00f3 la ruta acordada, generando tensi\u00f3n con las fuerzas de seguridad.<\/p>\n\n\n\n<p class=\"wp-block-paragraph\">La esperada marcha de este domingo en Friusa, Ver\u00f3n, provincia La Altagracia, se desarrollaba con normalidad hasta que una alteraci\u00f3n en el recorrido planificado gener\u00f3 tensi\u00f3n entre los manifestantes y las autoridades. Seg\u00fan m\u00faltiples versiones, una persona ajena a la organizaci\u00f3n modific\u00f3 el trayecto, provocando momentos de caos.<\/p>\n\n\n\n<p class=\"wp-block-paragraph\">Santiago Mat\u00edas, conocido como Alofoke, fue se\u00f1alado por testigos y miembros de la organizaci\u00f3n como el responsable de la alteraci\u00f3n. Se afirma que \u00e9l y su equipo ingresaron a una zona no autorizada del recorrido, lo que llev\u00f3 a una r\u00e1pida intervenci\u00f3n de las fuerzas de seguridad.<\/p>\n\n\n\n<p class=\"wp-block-paragraph\">\u00c1ngelo V\u00e1squez, presidente de la Antigua Orden Dominicana, organizadora del evento, explic\u00f3 que se hab\u00eda acordado con el Ministerio de Defensa una ruta espec\u00edfica, en la cual la zona de Matamosquitos no estaba incluida. Sin embargo, un grupo adelantado intent\u00f3 cruzar el \u00e1rea sin permiso, lo que deriv\u00f3 en un enfrentamiento con las autoridades.<\/p>\n\n\n\n<p class=\"wp-block-paragraph\">\u00abHubo provocaciones, claro que s\u00ed. Gente infiltrada, ajena a nosotros, quiso romper el esquema. Esto no fue parte de lo que se planific\u00f3\u00bb, declar\u00f3 V\u00e1squez. Tambi\u00e9n asegur\u00f3 que, antes del incidente, la marcha transcurr\u00eda pac\u00edficamente y lograron llegar a Friusa, demostrando que era posible hacerlo pese a ciertas restricciones previas.<\/p>\n\n\n\n<p class=\"wp-block-paragraph\">Videos difundidos en redes sociales muestran a personas encapuchadas arrojando objetos contra agentes de la Polic\u00eda Nacional. El periodista Jos\u00e9 Peguero, quien cubr\u00eda la movilizaci\u00f3n, confirm\u00f3 que \u00abun grupo no perteneciente a la Antigua Orden tom\u00f3 la delantera y se sali\u00f3 del trayecto\u00bb. Entre los se\u00f1alados en esta acci\u00f3n tambi\u00e9n figuran Ram\u00f3n Tolentino y Pedro Casals.<\/p>\n\n\n\n<p class=\"wp-block-paragraph\">Ante la situaci\u00f3n, las autoridades desplegaron m\u00e1s de mil efectivos y utilizaron gases lacrim\u00f3genos y camiones cisterna para controlar el desorden. Seg\u00fan testigos, esta intervenci\u00f3n evit\u00f3 que la situaci\u00f3n se tornara m\u00e1s grave, considerando la cercan\u00eda con la comunidad haitiana de Matamosquitos.<\/p>\n\n\n\n<p class=\"wp-block-paragraph\">Juvenal Brenes, miembro de la organizaci\u00f3n convocante, responsabiliz\u00f3 a quienes alteraron el trayecto por inter\u00e9s personal: \u00abSe convoc\u00f3 para las 2 de la tarde y se coordin\u00f3 todo. Pero algunos, por af\u00e1n de \u2018views\u2019 y querer figurar, rompieron el esquema, desconociendo los l\u00edmites de seguridad\u00bb.<\/p>\n\n\n\n<p class=\"wp-block-paragraph\">A pesar de los incidentes, la Polic\u00eda Nacional asegur\u00f3 en un comunicado que el orden fue restablecido y que los derechos de los manifestantes fueron respetados. Explicaron que la alteraci\u00f3n ocurri\u00f3 cuando un grupo encapuchado intent\u00f3 cruzar una l\u00ednea de seguridad previamente acordada.<\/p>\n\n\n\n<p class=\"wp-block-paragraph\">Las autoridades han reiterado que cualquier futura marcha deber\u00e1 coordinarse con las instituciones correspondientes para garantizar la seguridad de todos los participantes. Hasta el momento, no se han proporcionado cifras oficiales de asistencia ni declaraciones directas de Santiago Mat\u00edas sobre los hechos.<\/p>\n\n\n\n<figure class=\"wp-block-embed is-type-video is-provider-youtube wp-block-embed-youtube wp-embed-aspect-16-9 wp-has-aspect-ratio\"><div class=\"wp-block-embed__wrapper\">\n<iframe loading=\"lazy\" title=\"LA CAUSA DEL ENFRENTAMIENTO EN MARCHA DE FRIUSA\" width=\"640\" height=\"360\" src=\"https:\/\/www.youtube.com\/embed\/y3ezFSNFqjE?feature=oembed\" frameborder=\"0\" allow=\"accelerometer; autoplay; clipboard-write; encrypted-media; gyroscope; picture-in-picture; web-share\" referrerpolicy=\"strict-origin-when-cross-origin\" allowfullscreen><\/iframe>\n<\/div><\/figure>\n","protected":false},"excerpt":{"rendered":"<p>La marcha en Friusa sufri\u00f3 incidentes cuando un grupo alter\u00f3 la ruta acordada, generando tensi\u00f3n con las fuerzas de seguridad. La esperada marcha de este domingo en Friusa, Ver\u00f3n, provincia La Altagracia, se desarrollaba con normalidad hasta que una alteraci\u00f3n en el recorrido planificado gener\u00f3 tensi\u00f3n entre los manifestantes y las autoridades. Seg\u00fan m\u00faltiples versiones, [&hellip;]<\/p>\n","protected":false},"author":1,"featured_media":8126,"comment_status":"open","ping_status":"open","sticky":false,"template":"","format":"standard","meta":{"footnotes":""},"categories":[1],"tags":[],"class_list":["post-8125","post","type-post","status-publish","format-standard","has-post-thumbnail","hentry","category-uncategorized"],"_links":{"self":[{"href":"https:\/\/rr.unv-informacion.xyz\/index.php?rest_route=\/wp\/v2\/posts\/8125","targetHints":{"allow":["GET"]}}],"collection":[{"href":"https:\/\/rr.unv-informacion.xyz\/index.php?rest_route=\/wp\/v2\/posts"}],"about":[{"href":"https:\/\/rr.unv-informacion.xyz\/index.php?rest_route=\/wp\/v2\/types\/post"}],"author":[{"embeddable":true,"href":"https:\/\/rr.unv-informacion.xyz\/index.php?rest_route=\/wp\/v2\/users\/1"}],"replies":[{"embeddable":true,"href":"https:\/\/rr.unv-informacion.xyz\/index.php?rest_route=%2Fwp%2Fv2%2Fcomments&post=8125"}],"version-history":[{"count":1,"href":"https:\/\/rr.unv-informacion.xyz\/index.php?rest_route=\/wp\/v2\/posts\/8125\/revisions"}],"predecessor-version":[{"id":8127,"href":"https:\/\/rr.unv-informacion.xyz\/index.php?rest_route=\/wp\/v2\/posts\/8125\/revisions\/8127"}],"wp:featuredmedia":[{"embeddable":true,"href":"https:\/\/rr.unv-informacion.xyz\/index.php?rest_route=\/wp\/v2\/media\/8126"}],"wp:attachment":[{"href":"https:\/\/rr.unv-informacion.xyz\/index.php?rest_route=%2Fwp%2Fv2%2Fmedia&parent=8125"}],"wp:term":[{"taxonomy":"category","embeddable":true,"href":"https:\/\/rr.unv-informacion.xyz\/index.php?rest_route=%2Fwp%2Fv2%2Fcategories&post=8125"},{"taxonomy":"post_tag","embeddable":true,"href":"https:\/\/rr.unv-informacion.xyz\/index.php?rest_route=%2Fwp%2Fv2%2Ftags&post=8125"}],"curies":[{"name":"wp","href":"https:\/\/api.w.org\/{rel}","templated":true}]}}