{"id":8136,"date":"2025-04-01T16:48:41","date_gmt":"2025-04-01T16:48:41","guid":{"rendered":"https:\/\/rr.unv-informacion.xyz\/?p=8136"},"modified":"2025-04-01T16:48:41","modified_gmt":"2025-04-01T16:48:41","slug":"santiago-matias-solicita-permiso-para-marcha-en-friusa-y-punta-cana","status":"publish","type":"post","link":"https:\/\/rr.unv-informacion.xyz\/?p=8136","title":{"rendered":"Santiago Mat\u00edas solicita permiso para marcha en Friusa y Punta Cana"},"content":{"rendered":"\n<p class=\"wp-block-paragraph\">Santiago Mat\u00edas pidi\u00f3 autorizaci\u00f3n para realizar una marcha en Friusa y Punta Cana el 27 de abril, promoviendo el orgullo nacional y la identidad dominicana.<\/p>\n\n\n\n<p class=\"wp-block-paragraph\">El empresario y comunicador Santiago Mat\u00edas, conocido como \u00abAlofoke\u00ab, solicit\u00f3 formalmente al Ministerio de Interior y Polic\u00eda la autorizaci\u00f3n para realizar una marcha de protesta en la zona de Friusa, incluyendo sectores como Mata Mosquito y Punta Cana.<\/p>\n\n\n\n<p class=\"wp-block-paragraph\">La manifestaci\u00f3n, convocada bajo el movimiento \u00abHablamos en el 2028\u00ab, est\u00e1 programada para el 27 de abril de 2025, desde las 12:00 p.m. hasta las 06:00 p.m. Seg\u00fan Mat\u00edas, la actividad tiene un \u00abcar\u00e1cter patrio\u00bb y busca reforzar el sentido de dominicanidad, promoviendo el orgullo nacional y el respeto por los valores, tradiciones y s\u00edmbolos patrios.<\/p>\n\n\n\n<p class=\"wp-block-paragraph\">El l\u00edder del movimiento asegur\u00f3 que la marcha se desarrollar\u00e1 de manera pac\u00edfica y dentro del marco legal. Adem\u00e1s, se\u00f1al\u00f3 que se coordinar\u00e1 con las autoridades locales para garantizar la seguridad de los participantes y evitar alteraciones del orden p\u00fablico.<\/p>\n\n\n\n<p class=\"wp-block-paragraph\">Cabe destacar que Mat\u00edas ha estado involucrado en otras movilizaciones en la misma localidad. Recientemente, particip\u00f3 en una marcha organizada por la Antigua Orden Dominicana, en la que se pronunciaron en contra de la migraci\u00f3n irregular.<\/p>\n\n\n\n<p class=\"wp-block-paragraph\">Las autoridades a\u00fan no han emitido una respuesta oficial sobre la solicitud, pero se espera que en los pr\u00f3ximos d\u00edas confirmen si la marcha contar\u00e1 con el permiso correspondiente.<\/p>\n\n\n\n<figure class=\"wp-block-image size-large\"><img loading=\"lazy\" decoding=\"async\" width=\"819\" height=\"1024\" src=\"https:\/\/rr.unv-informacion.xyz\/wp-content\/uploads\/2025\/04\/img1-819x1024.jpg\" alt=\"\" class=\"wp-image-8137\" srcset=\"https:\/\/rr.unv-informacion.xyz\/wp-content\/uploads\/2025\/04\/img1-819x1024.jpg 819w, https:\/\/rr.unv-informacion.xyz\/wp-content\/uploads\/2025\/04\/img1-240x300.jpg 240w, https:\/\/rr.unv-informacion.xyz\/wp-content\/uploads\/2025\/04\/img1-768x960.jpg 768w, https:\/\/rr.unv-informacion.xyz\/wp-content\/uploads\/2025\/04\/img1.jpg 1080w\" sizes=\"auto, (max-width: 819px) 100vw, 819px\" \/><\/figure>\n\n\n\n<figure class=\"wp-block-image size-large\"><img loading=\"lazy\" decoding=\"async\" width=\"819\" height=\"1024\" src=\"https:\/\/rr.unv-informacion.xyz\/wp-content\/uploads\/2025\/04\/img-2-819x1024.jpg\" alt=\"\" class=\"wp-image-8138\" srcset=\"https:\/\/rr.unv-informacion.xyz\/wp-content\/uploads\/2025\/04\/img-2-819x1024.jpg 819w, https:\/\/rr.unv-informacion.xyz\/wp-content\/uploads\/2025\/04\/img-2-240x300.jpg 240w, https:\/\/rr.unv-informacion.xyz\/wp-content\/uploads\/2025\/04\/img-2-768x960.jpg 768w, https:\/\/rr.unv-informacion.xyz\/wp-content\/uploads\/2025\/04\/img-2.jpg 1080w\" sizes=\"auto, (max-width: 819px) 100vw, 819px\" \/><\/figure>\n\n\n<iframe loading=\"lazy\" src=\"https:\/\/www.facebook.com\/plugins\/video.php?href=https%3A%2F%2Fwww.facebook.com%2FBANLEOTV%2Fvideos%2F9503116723112624%2F%3Fref%3Dembed_video&#038;show_text=0&#038;width=380\" width=\"380\" height=\"476\" style=\"border:none;overflow:hidden\" scrolling=\"no\" frameborder=\"0\" allowfullscreen=\"true\" allow=\"autoplay; clipboard-write; encrypted-media; picture-in-picture; web-share\" allowFullScreen=\"true\"><\/iframe>","protected":false},"excerpt":{"rendered":"<p>Santiago Mat\u00edas pidi\u00f3 autorizaci\u00f3n para realizar una marcha en Friusa y Punta Cana el 27 de abril, promoviendo el orgullo nacional y la identidad dominicana. El empresario y comunicador Santiago Mat\u00edas, conocido como \u00abAlofoke\u00ab, solicit\u00f3 formalmente al Ministerio de Interior y Polic\u00eda la autorizaci\u00f3n para realizar una marcha de protesta en la zona de Friusa, [&hellip;]<\/p>\n","protected":false},"author":1,"featured_media":8137,"comment_status":"open","ping_status":"open","sticky":false,"template":"","format":"standard","meta":{"footnotes":""},"categories":[1],"tags":[],"class_list":["post-8136","post","type-post","status-publish","format-standard","has-post-thumbnail","hentry","category-uncategorized"],"_links":{"self":[{"href":"https:\/\/rr.unv-informacion.xyz\/index.php?rest_route=\/wp\/v2\/posts\/8136","targetHints":{"allow":["GET"]}}],"collection":[{"href":"https:\/\/rr.unv-informacion.xyz\/index.php?rest_route=\/wp\/v2\/posts"}],"about":[{"href":"https:\/\/rr.unv-informacion.xyz\/index.php?rest_route=\/wp\/v2\/types\/post"}],"author":[{"embeddable":true,"href":"https:\/\/rr.unv-informacion.xyz\/index.php?rest_route=\/wp\/v2\/users\/1"}],"replies":[{"embeddable":true,"href":"https:\/\/rr.unv-informacion.xyz\/index.php?rest_route=%2Fwp%2Fv2%2Fcomments&post=8136"}],"version-history":[{"count":1,"href":"https:\/\/rr.unv-informacion.xyz\/index.php?rest_route=\/wp\/v2\/posts\/8136\/revisions"}],"predecessor-version":[{"id":8139,"href":"https:\/\/rr.unv-informacion.xyz\/index.php?rest_route=\/wp\/v2\/posts\/8136\/revisions\/8139"}],"wp:featuredmedia":[{"embeddable":true,"href":"https:\/\/rr.unv-informacion.xyz\/index.php?rest_route=\/wp\/v2\/media\/8137"}],"wp:attachment":[{"href":"https:\/\/rr.unv-informacion.xyz\/index.php?rest_route=%2Fwp%2Fv2%2Fmedia&parent=8136"}],"wp:term":[{"taxonomy":"category","embeddable":true,"href":"https:\/\/rr.unv-informacion.xyz\/index.php?rest_route=%2Fwp%2Fv2%2Fcategories&post=8136"},{"taxonomy":"post_tag","embeddable":true,"href":"https:\/\/rr.unv-informacion.xyz\/index.php?rest_route=%2Fwp%2Fv2%2Ftags&post=8136"}],"curies":[{"name":"wp","href":"https:\/\/api.w.org\/{rel}","templated":true}]}}