{"id":8143,"date":"2025-04-01T16:56:29","date_gmt":"2025-04-01T16:56:29","guid":{"rendered":"https:\/\/rr.unv-informacion.xyz\/?p=8143"},"modified":"2025-04-01T16:56:30","modified_gmt":"2025-04-01T16:56:30","slug":"buscan-a-nino-de-tres-anos-desaparecido-en-los-tablones","status":"publish","type":"post","link":"https:\/\/rr.unv-informacion.xyz\/?p=8143","title":{"rendered":"Buscan a ni\u00f1o de tres a\u00f1os desaparecido en Los Tablones"},"content":{"rendered":"\n<p class=\"wp-block-paragraph\">Autoridades y voluntarios buscan a Roldany Calder\u00f3n, un ni\u00f1o de tres a\u00f1os desaparecido en Los Tablones, Manabao, Jarabacoa.<\/p>\n\n\n\n<p class=\"wp-block-paragraph\">La comunidad de Los Tablones, en Manabao, Jarabacoa, La Vega, se encuentra en alerta tras la misteriosa desaparici\u00f3n de Roldany Calder\u00f3n, un ni\u00f1o de tres a\u00f1os. El menor fue visto por \u00faltima vez la tarde de este domingo mientras jugaba en el patio de una casa.<\/p>\n\n\n\n<p class=\"wp-block-paragraph\">Seg\u00fan relat\u00f3 su padre, Efra\u00edn Calder\u00f3n, alrededor de las 3:00 de la tarde llev\u00f3 un jugo a su hijo, quien se encontraba jugando con una ni\u00f1a en el patio de la casa que estaban visitando. Minutos despu\u00e9s, al volver a verlo, el ni\u00f1o ya no estaba.<\/p>\n\n\n\n<p class=\"wp-block-paragraph\">Inmediatamente, la familia inici\u00f3 la b\u00fasqueda en los alrededores de la vivienda, ubicada en una zona boscosa cerca del Parque Nacional Armando Berm\u00fadez. A pesar de los esfuerzos por encontrarlo, al no obtener resultados, decidieron alertar a las autoridades.<\/p>\n\n\n\n<p class=\"wp-block-paragraph\">Aproximadamente a las 6:00 de la tarde, el Cuerpo de Bomberos, la Polic\u00eda Nacional y un grupo de voluntarios se unieron a la b\u00fasqueda de Roldany. Sin embargo, con la llegada de la noche y la dificultad para avanzar en el terreno monta\u00f1oso, las labores fueron suspendidas temporalmente.<\/p>\n\n\n\n<p class=\"wp-block-paragraph\">Desde las primeras horas de este lunes, los equipos de rescate han retomado la b\u00fasqueda con la esperanza de encontrar al ni\u00f1o sano y salvo. La comunidad se ha movilizado para colaborar en las labores y brindar apoyo a la familia en estos momentos de angustia.<\/p>\n\n\n\n<p class=\"wp-block-paragraph\">Este caso ha generado gran preocupaci\u00f3n, ya que la desaparici\u00f3n ocurri\u00f3 a pocos kil\u00f3metros de donde se perdi\u00f3 otro residente de la zona, conocido como \u00abel viejo Lolo\u00bb. Ante esto, las autoridades investigan todas las posibilidades y piden a la poblaci\u00f3n cualquier informaci\u00f3n que pueda ayudar a dar con el paradero del menor.<\/p>\n\n\n\n<p class=\"wp-block-paragraph\">La familia de Roldany Calder\u00f3n ruega por su pronta aparici\u00f3n y mantiene la esperanza de encontrarlo lo antes posible. Mientras tanto, las autoridades contin\u00faan con los operativos para esclarecer lo sucedido y devolver al ni\u00f1o a su hogar.<\/p>\n\n\n<iframe loading=\"lazy\" src=\"https:\/\/www.facebook.com\/plugins\/video.php?href=https%3A%2F%2Fwww.facebook.com%2Flavegamundial%2Fvideos%2F2166906083760246%2F%3Fref%3Dembed_video&#038;show_text=0&#038;width=267\" width=\"267\" height=\"476\" style=\"border:none;overflow:hidden\" scrolling=\"no\" frameborder=\"0\" allowfullscreen=\"true\" allow=\"autoplay; clipboard-write; encrypted-media; picture-in-picture; web-share\" allowFullScreen=\"true\"><\/iframe>","protected":false},"excerpt":{"rendered":"<p>Autoridades y voluntarios buscan a Roldany Calder\u00f3n, un ni\u00f1o de tres a\u00f1os desaparecido en Los Tablones, Manabao, Jarabacoa. La comunidad de Los Tablones, en Manabao, Jarabacoa, La Vega, se encuentra en alerta tras la misteriosa desaparici\u00f3n de Roldany Calder\u00f3n, un ni\u00f1o de tres a\u00f1os. El menor fue visto por \u00faltima vez la tarde de este [&hellip;]<\/p>\n","protected":false},"author":1,"featured_media":8144,"comment_status":"open","ping_status":"open","sticky":false,"template":"","format":"standard","meta":{"footnotes":""},"categories":[1],"tags":[],"class_list":["post-8143","post","type-post","status-publish","format-standard","has-post-thumbnail","hentry","category-uncategorized"],"_links":{"self":[{"href":"https:\/\/rr.unv-informacion.xyz\/index.php?rest_route=\/wp\/v2\/posts\/8143","targetHints":{"allow":["GET"]}}],"collection":[{"href":"https:\/\/rr.unv-informacion.xyz\/index.php?rest_route=\/wp\/v2\/posts"}],"about":[{"href":"https:\/\/rr.unv-informacion.xyz\/index.php?rest_route=\/wp\/v2\/types\/post"}],"author":[{"embeddable":true,"href":"https:\/\/rr.unv-informacion.xyz\/index.php?rest_route=\/wp\/v2\/users\/1"}],"replies":[{"embeddable":true,"href":"https:\/\/rr.unv-informacion.xyz\/index.php?rest_route=%2Fwp%2Fv2%2Fcomments&post=8143"}],"version-history":[{"count":1,"href":"https:\/\/rr.unv-informacion.xyz\/index.php?rest_route=\/wp\/v2\/posts\/8143\/revisions"}],"predecessor-version":[{"id":8145,"href":"https:\/\/rr.unv-informacion.xyz\/index.php?rest_route=\/wp\/v2\/posts\/8143\/revisions\/8145"}],"wp:featuredmedia":[{"embeddable":true,"href":"https:\/\/rr.unv-informacion.xyz\/index.php?rest_route=\/wp\/v2\/media\/8144"}],"wp:attachment":[{"href":"https:\/\/rr.unv-informacion.xyz\/index.php?rest_route=%2Fwp%2Fv2%2Fmedia&parent=8143"}],"wp:term":[{"taxonomy":"category","embeddable":true,"href":"https:\/\/rr.unv-informacion.xyz\/index.php?rest_route=%2Fwp%2Fv2%2Fcategories&post=8143"},{"taxonomy":"post_tag","embeddable":true,"href":"https:\/\/rr.unv-informacion.xyz\/index.php?rest_route=%2Fwp%2Fv2%2Ftags&post=8143"}],"curies":[{"name":"wp","href":"https:\/\/api.w.org\/{rel}","templated":true}]}}