{"id":8146,"date":"2025-04-01T16:58:50","date_gmt":"2025-04-01T16:58:50","guid":{"rendered":"https:\/\/rr.unv-informacion.xyz\/?p=8146"},"modified":"2025-04-01T16:58:51","modified_gmt":"2025-04-01T16:58:51","slug":"pn-busca-nino-desaparecido-en-jarabacoa-y-padre-ofrece-declaraciones","status":"publish","type":"post","link":"https:\/\/rr.unv-informacion.xyz\/?p=8146","title":{"rendered":"PN busca ni\u00f1o desaparecido en Jarabacoa y padre ofrece declaraciones"},"content":{"rendered":"\n<p class=\"wp-block-paragraph\">La Polic\u00eda y el Ministerio P\u00fablico buscan a Roldanis Calder\u00f3n, de 3 a\u00f1os, desaparecido en Los Tablones, Jarabacoa. Piden ayuda ciudadana para encontrarlo.<\/p>\n\n\n\n<p class=\"wp-block-paragraph\">La Polic\u00eda Nacional, en conjunto con el Ministerio P\u00fablico, contin\u00faa trabajando intensamente en la b\u00fasqueda de un ni\u00f1o de tres a\u00f1os, identificado como Roldanis Calder\u00f3n, quien fue reportado como desaparecido en la comunidad Los Tablones, ubicada en el distrito municipal de Manabao, en Jarabacoa, provincia La Vega.<\/p>\n\n\n\n<p class=\"wp-block-paragraph\">Desde el momento en que se recibi\u00f3 la alerta, agentes de la Direcci\u00f3n Central de Investigaci\u00f3n (DICRIM) en Jarabacoa, junto con fiscales del Distrito Judicial de Jarabacoa, pusieron en marcha los protocolos de emergencia para localizar al menor lo antes posible. Contaron adem\u00e1s que la madre del extraviado fue llevada a un centro de salud por una complicaci\u00f3n, presuntamente a ra\u00edz de esta situaci\u00f3n.<\/p>\n\n\n\n<p class=\"wp-block-paragraph\">Las autoridades han desplegado operativos en la zona, entrevistando a familiares y miembros de la comunidad para obtener cualquier informaci\u00f3n que ayude a encontrarlo.<\/p>\n\n\n\n<p class=\"wp-block-paragraph\">Adem\u00e1s, han llevado a cabo b\u00fasquedas con el apoyo de diversas unidades especializadas. La prioridad es dar con su paradero y asegurarse de que se encuentre sano y salvo.<\/p>\n\n\n\n<p class=\"wp-block-paragraph\">Roldanis Calder\u00f3n desapareci\u00f3 alrededor de las 3:00 de la tarde del domingo mientras se encontraba en la comunidad Los Tablones de la Ci\u00e9naga, en el distrito municipal de Manabao, en Jarabacoa. Seg\u00fan la informaci\u00f3n proporcionada, el peque\u00f1o estaba jugando en el patio con una botella de refresco y un balde de agua entre las 2:00 y las 3:00 de la tarde.<\/p>\n\n\n\n<p class=\"wp-block-paragraph\">Su padre, Nicol\u00e1s Calder\u00f3n, relat\u00f3 que le llev\u00f3 un jugo y lo dej\u00f3 en compa\u00f1\u00eda de dos ni\u00f1as. Sin embargo, cuando regres\u00f3 apenas cinco minutos despu\u00e9s, el ni\u00f1o ya no estaba. Desde ese momento, no se ha tenido ninguna noticia de su paradero.<\/p>\n\n\n\n<p class=\"wp-block-paragraph\">Sus padres, Efra\u00edn Nicola Calder\u00f3n y Carolina Vargas, quienes residen en Hato Viejo, Jarabacoa, se encuentran desesperados y piden ayuda para encontrar a su hijo.<\/p>\n\n\n\n<p class=\"wp-block-paragraph\">Las autoridades han hecho un llamado a toda la ciudadan\u00eda para que, en caso de tener cualquier informaci\u00f3n relevante sobre el caso, se comuniquen de inmediato con la Polic\u00eda Nacional. Asimismo, han asegurado que continuar\u00e1n informando sobre los avances de la investigaci\u00f3n conforme se obtengan nuevos datos.<\/p>\n\n\n\n<p class=\"wp-block-paragraph\">La comunidad y los equipos de rescate siguen colaborando en la b\u00fasqueda con la esperanza de encontrar al peque\u00f1o Roldanis lo antes posible.<\/p>\n\n\n<iframe loading=\"lazy\" src=\"https:\/\/www.facebook.com\/plugins\/video.php?href=https%3A%2F%2Fwww.facebook.com%2Flavegamundial%2Fvideos%2F1810681266388762%2F%3Fref%3Dembed_video&#038;show_text=0&#038;width=476\" width=\"476\" height=\"476\" style=\"border:none;overflow:hidden\" scrolling=\"no\" frameborder=\"0\" allowfullscreen=\"true\" allow=\"autoplay; clipboard-write; encrypted-media; picture-in-picture; web-share\" allowFullScreen=\"true\"><\/iframe>","protected":false},"excerpt":{"rendered":"<p>La Polic\u00eda y el Ministerio P\u00fablico buscan a Roldanis Calder\u00f3n, de 3 a\u00f1os, desaparecido en Los Tablones, Jarabacoa. Piden ayuda ciudadana para encontrarlo. La Polic\u00eda Nacional, en conjunto con el Ministerio P\u00fablico, contin\u00faa trabajando intensamente en la b\u00fasqueda de un ni\u00f1o de tres a\u00f1os, identificado como Roldanis Calder\u00f3n, quien fue reportado como desaparecido en la [&hellip;]<\/p>\n","protected":false},"author":1,"featured_media":8147,"comment_status":"open","ping_status":"open","sticky":false,"template":"","format":"standard","meta":{"footnotes":""},"categories":[1],"tags":[],"class_list":["post-8146","post","type-post","status-publish","format-standard","has-post-thumbnail","hentry","category-uncategorized"],"_links":{"self":[{"href":"https:\/\/rr.unv-informacion.xyz\/index.php?rest_route=\/wp\/v2\/posts\/8146","targetHints":{"allow":["GET"]}}],"collection":[{"href":"https:\/\/rr.unv-informacion.xyz\/index.php?rest_route=\/wp\/v2\/posts"}],"about":[{"href":"https:\/\/rr.unv-informacion.xyz\/index.php?rest_route=\/wp\/v2\/types\/post"}],"author":[{"embeddable":true,"href":"https:\/\/rr.unv-informacion.xyz\/index.php?rest_route=\/wp\/v2\/users\/1"}],"replies":[{"embeddable":true,"href":"https:\/\/rr.unv-informacion.xyz\/index.php?rest_route=%2Fwp%2Fv2%2Fcomments&post=8146"}],"version-history":[{"count":1,"href":"https:\/\/rr.unv-informacion.xyz\/index.php?rest_route=\/wp\/v2\/posts\/8146\/revisions"}],"predecessor-version":[{"id":8148,"href":"https:\/\/rr.unv-informacion.xyz\/index.php?rest_route=\/wp\/v2\/posts\/8146\/revisions\/8148"}],"wp:featuredmedia":[{"embeddable":true,"href":"https:\/\/rr.unv-informacion.xyz\/index.php?rest_route=\/wp\/v2\/media\/8147"}],"wp:attachment":[{"href":"https:\/\/rr.unv-informacion.xyz\/index.php?rest_route=%2Fwp%2Fv2%2Fmedia&parent=8146"}],"wp:term":[{"taxonomy":"category","embeddable":true,"href":"https:\/\/rr.unv-informacion.xyz\/index.php?rest_route=%2Fwp%2Fv2%2Fcategories&post=8146"},{"taxonomy":"post_tag","embeddable":true,"href":"https:\/\/rr.unv-informacion.xyz\/index.php?rest_route=%2Fwp%2Fv2%2Ftags&post=8146"}],"curies":[{"name":"wp","href":"https:\/\/api.w.org\/{rel}","templated":true}]}}