{"id":8151,"date":"2025-04-02T18:06:46","date_gmt":"2025-04-02T18:06:46","guid":{"rendered":"https:\/\/rr.unv-informacion.xyz\/?p=8151"},"modified":"2025-04-02T18:06:47","modified_gmt":"2025-04-02T18:06:47","slug":"vecino-relata-como-desaparecio-el-pequeno-roldany-calderon-en-jarabacoa","status":"publish","type":"post","link":"https:\/\/rr.unv-informacion.xyz\/?p=8151","title":{"rendered":"Vecino relata c\u00f3mo desapareci\u00f3 el peque\u00f1o Roldany Calder\u00f3n en Jarabacoa"},"content":{"rendered":"\n<p class=\"wp-block-paragraph\">Autoridades buscan al ni\u00f1o Roldany Calder\u00f3n en Manabao con drones y unidades caninas tras su misteriosa desaparici\u00f3n.<\/p>\n\n\n\n<p class=\"wp-block-paragraph\">La desaparici\u00f3n del ni\u00f1o Roldany Calder\u00f3n en Los Tablones, Manabao, ha generado gran preocupaci\u00f3n en la comunidad. Testimonios recientes han aportado m\u00e1s detalles sobre los \u00faltimos momentos en que el menor fue visto antes de desaparecer sin dejar rastro.<\/p>\n\n\n\n<p class=\"wp-block-paragraph\">Uno de los testigos clave es Cornelio Bautista B\u00e1ez Ruiz, vecino que estuvo presente en el compartir familiar donde se encontraba el ni\u00f1o. Seg\u00fan su relato, la desaparici\u00f3n ocurri\u00f3 a la vista de todos. Roldany jugaba con unas ni\u00f1as cuando, de forma inexplicable, desapareci\u00f3 en un instante, sin que nadie notara hacia d\u00f3nde se dirigi\u00f3.<\/p>\n\n\n\n<p class=\"wp-block-paragraph\">\u00abFue de 3:45 a 4:00 la desaparici\u00f3n del ni\u00f1o. Fue en la hora de la comida\u00bb, dijo el vecino, al tanto de que explic\u00f3 que el pap\u00e1 del ni\u00f1o estuvo en todo momento con \u00e9l. \u00abLe estaba dando la comida, y yo com\u00ed de frente a ellos, pero yo termin\u00e9 de comer y despu\u00e9s cog\u00ed un calderito y cog\u00ed para el otro grupo donde estaba la mam\u00e1, un t\u00edo, y unos amigos, y en ese medio cuando est\u00e1bamos comiendo, el pap\u00e1 fue a llevarle un jugo a su esposa, y cuando se devuelve, el ni\u00f1o ya no estaba\u00bb, expres\u00f3 el vecino.<\/p>\n\n\n\n<p class=\"wp-block-paragraph\">Desde que se report\u00f3 la desaparici\u00f3n, las autoridades han desplegado un operativo de b\u00fasqueda intensiva. Equipos especializados han sido enviados a la zona, utilizando unidades caninas y drones para rastrear el \u00e1rea y tratar de encontrar alguna pista sobre el paradero del ni\u00f1o.<\/p>\n\n\n\n<p class=\"wp-block-paragraph\">Mientras contin\u00faa la b\u00fasqueda en el terreno, los padres y familiares del menor han sido llamados a la fiscal\u00eda de Jarabacoa para rendir declaraciones. Esto forma parte de las investigaciones que llevan a cabo la Polic\u00eda Nacional y el Ministerio P\u00fablico para esclarecer los hechos y encontrar a Roldany lo antes posible.<\/p>\n\n\n\n<p class=\"wp-block-paragraph\">La comunidad de Manabao se mantiene en alerta y preocupada por la situaci\u00f3n, mientras voluntarios y residentes locales se han sumado a la b\u00fasqueda con la esperanza de dar con el ni\u00f1o. El caso ha generado una gran movilizaci\u00f3n y expectativa en la regi\u00f3n.<\/p>\n\n\n\n<p class=\"wp-block-paragraph\">Se espera que en las pr\u00f3ximas horas las autoridades ofrezcan nuevos detalles sobre el avance de las investigaciones y el paradero del menor. La incertidumbre sobre lo ocurrido mantiene en vilo a la poblaci\u00f3n, mientras se intensifican los esfuerzos por encontrar respuestas a este misterioso caso.<\/p>\n\n\n<iframe loading=\"lazy\" src=\"https:\/\/www.facebook.com\/plugins\/video.php?href=https%3A%2F%2Fwww.facebook.com%2Freel%2F700891525842420%2F%3Fref%3Dembed_video&#038;show_text=0&#038;width=379\" width=\"379\" height=\"476\" style=\"border:none;overflow:hidden\" scrolling=\"no\" frameborder=\"0\" allowfullscreen=\"true\" allow=\"autoplay; clipboard-write; encrypted-media; picture-in-picture; web-share\" allowFullScreen=\"true\"><\/iframe>","protected":false},"excerpt":{"rendered":"<p>Autoridades buscan al ni\u00f1o Roldany Calder\u00f3n en Manabao con drones y unidades caninas tras su misteriosa desaparici\u00f3n. La desaparici\u00f3n del ni\u00f1o Roldany Calder\u00f3n en Los Tablones, Manabao, ha generado gran preocupaci\u00f3n en la comunidad. Testimonios recientes han aportado m\u00e1s detalles sobre los \u00faltimos momentos en que el menor fue visto antes de desaparecer sin dejar [&hellip;]<\/p>\n","protected":false},"author":1,"featured_media":8152,"comment_status":"open","ping_status":"open","sticky":false,"template":"","format":"standard","meta":{"footnotes":""},"categories":[1],"tags":[],"class_list":["post-8151","post","type-post","status-publish","format-standard","has-post-thumbnail","hentry","category-uncategorized"],"_links":{"self":[{"href":"https:\/\/rr.unv-informacion.xyz\/index.php?rest_route=\/wp\/v2\/posts\/8151","targetHints":{"allow":["GET"]}}],"collection":[{"href":"https:\/\/rr.unv-informacion.xyz\/index.php?rest_route=\/wp\/v2\/posts"}],"about":[{"href":"https:\/\/rr.unv-informacion.xyz\/index.php?rest_route=\/wp\/v2\/types\/post"}],"author":[{"embeddable":true,"href":"https:\/\/rr.unv-informacion.xyz\/index.php?rest_route=\/wp\/v2\/users\/1"}],"replies":[{"embeddable":true,"href":"https:\/\/rr.unv-informacion.xyz\/index.php?rest_route=%2Fwp%2Fv2%2Fcomments&post=8151"}],"version-history":[{"count":1,"href":"https:\/\/rr.unv-informacion.xyz\/index.php?rest_route=\/wp\/v2\/posts\/8151\/revisions"}],"predecessor-version":[{"id":8153,"href":"https:\/\/rr.unv-informacion.xyz\/index.php?rest_route=\/wp\/v2\/posts\/8151\/revisions\/8153"}],"wp:featuredmedia":[{"embeddable":true,"href":"https:\/\/rr.unv-informacion.xyz\/index.php?rest_route=\/wp\/v2\/media\/8152"}],"wp:attachment":[{"href":"https:\/\/rr.unv-informacion.xyz\/index.php?rest_route=%2Fwp%2Fv2%2Fmedia&parent=8151"}],"wp:term":[{"taxonomy":"category","embeddable":true,"href":"https:\/\/rr.unv-informacion.xyz\/index.php?rest_route=%2Fwp%2Fv2%2Fcategories&post=8151"},{"taxonomy":"post_tag","embeddable":true,"href":"https:\/\/rr.unv-informacion.xyz\/index.php?rest_route=%2Fwp%2Fv2%2Ftags&post=8151"}],"curies":[{"name":"wp","href":"https:\/\/api.w.org\/{rel}","templated":true}]}}