{"id":8165,"date":"2025-04-02T18:36:40","date_gmt":"2025-04-02T18:36:40","guid":{"rendered":"https:\/\/rr.unv-informacion.xyz\/?p=8165"},"modified":"2025-04-02T18:36:41","modified_gmt":"2025-04-02T18:36:41","slug":"nino-de-tres-anos-sigue-desaparecido-en-jarabacoa","status":"publish","type":"post","link":"https:\/\/rr.unv-informacion.xyz\/?p=8165","title":{"rendered":"Ni\u00f1o de tres a\u00f1os sigue desaparecido en Jarabacoa"},"content":{"rendered":"\n<p class=\"wp-block-paragraph\">Roldany Calder\u00f3n, de tres a\u00f1os, desapareci\u00f3 en Los Tablones, Jarabacoa. Autoridades ampl\u00edan la b\u00fasqueda, pero restringen acceso a voluntarios.<\/p>\n\n\n\n<p class=\"wp-block-paragraph\">Han pasado tres d\u00edas desde la desaparici\u00f3n de Roldany Calder\u00f3n, un ni\u00f1o de tres a\u00f1os que fue visto por \u00faltima vez mientras jugaba en el patio de la casa de un familiar en la comunidad de Los Tablones, en el distrito municipal Manabao, Jarabacoa, provincia La Vega.<\/p>\n\n\n\n<p class=\"wp-block-paragraph\">Los padres se mostraron visiblemente molestos en el momento en que se encontraban retenidos para fines de investigaci\u00f3n. Ambos se limitaron a hablar con la prensa. Por otro lado, el padre confes\u00f3 a un comunicador local que ya hab\u00eda tenido un mal presentimiento antes de llegar a la vivienda, donde tuvo un incidente de tr\u00e1nsito, lo cual este interpret\u00f3 como un \u00abaviso\u00bb.<\/p>\n\n\n\n<p class=\"wp-block-paragraph\">A la gente le ha llamado la atenci\u00f3n, que la prensa, en este caso, La Vega Mundial Wiu Wiu, los ha estado ayudando en todo el proceso, pero esta vez cuando salieron del interrogatorio, no quisieron decirle ni una palabra.<\/p>\n\n\n\n<p class=\"wp-block-paragraph\">Desde la ma\u00f1ana de ayer, las autoridades establecieron un per\u00edmetro de aproximadamente un kil\u00f3metro alrededor del \u00e1rea donde fue visto por \u00faltima vez. Esta medida forma parte de la investigaci\u00f3n en curso para dar con el paradero del menor.<\/p>\n\n\n\n<p class=\"wp-block-paragraph\">El acceso a la zona fue restringido tanto para la prensa como para los comunitarios que hab\u00edan estado participando activamente en la b\u00fasqueda desde el pasado domingo. En el operativo est\u00e1n involucrados representantes del Ministerio P\u00fablico, la Polic\u00eda Nacional, el Ej\u00e9rcito Dominicano, el Cuerpo de Bomberos y la Defensa Civil, quienes trabajan en la ampliaci\u00f3n del \u00e1rea de b\u00fasqueda.<\/p>\n\n\n\n<p class=\"wp-block-paragraph\">Sin embargo, la decisi\u00f3n de restringir el acceso ha causado inconformidad entre los voluntarios. Carla Moreno, quien ha estado colaborando en la b\u00fasqueda, se\u00f1al\u00f3 que muchos de los residentes conocen bien la zona y consideran que su ayuda es fundamental.<\/p>\n\n\n\n<p class=\"wp-block-paragraph\">Alberto Rivas, un habitante de la comunidad, expres\u00f3 su frustraci\u00f3n: \u201cEstamos aqu\u00ed desde las 6:30 de la ma\u00f1ana esperando, pero no nos han dejado pasar. Ya llevamos tres d\u00edas en la b\u00fasqueda\u201d.<\/p>\n\n\n\n<p class=\"wp-block-paragraph\">Seg\u00fan Rivas, m\u00e1s de 200 personas han recorrido la zona en un esfuerzo por encontrar al ni\u00f1o. A pesar de esto, las autoridades han decidido cerrar el per\u00edmetro, lo que ha generado opiniones divididas entre quienes desean seguir colaborando.<\/p>\n\n\n\n<p class=\"wp-block-paragraph\">Las investigaciones contin\u00faan y la comunidad mantiene la esperanza de encontrar pronto al peque\u00f1o Roldany.<\/p>\n\n\n<iframe loading=\"lazy\" src=\"https:\/\/www.facebook.com\/plugins\/video.php?href=https%3A%2F%2Fwww.facebook.com%2F61561426113328%2Fvideos%2F585277457890766%2F%3Fref%3Dembed_video&#038;show_text=0&#038;width=560\" width=\"560\" height=\"315\" style=\"border:none;overflow:hidden\" scrolling=\"no\" frameborder=\"0\" allowfullscreen=\"true\" allow=\"autoplay; clipboard-write; encrypted-media; picture-in-picture; web-share\" allowFullScreen=\"true\"><\/iframe>\n\n<iframe loading=\"lazy\" src=\"https:\/\/www.facebook.com\/plugins\/video.php?href=https%3A%2F%2Fwww.facebook.com%2Flavegamundial%2Fvideos%2F1089097569901804%2F%3Fref%3Dembed_video&#038;show_text=0&#038;width=476\" width=\"476\" height=\"476\" style=\"border:none;overflow:hidden\" scrolling=\"no\" frameborder=\"0\" allowfullscreen=\"true\" allow=\"autoplay; clipboard-write; encrypted-media; picture-in-picture; web-share\" allowFullScreen=\"true\"><\/iframe>","protected":false},"excerpt":{"rendered":"<p>Roldany Calder\u00f3n, de tres a\u00f1os, desapareci\u00f3 en Los Tablones, Jarabacoa. Autoridades ampl\u00edan la b\u00fasqueda, pero restringen acceso a voluntarios. Han pasado tres d\u00edas desde la desaparici\u00f3n de Roldany Calder\u00f3n, un ni\u00f1o de tres a\u00f1os que fue visto por \u00faltima vez mientras jugaba en el patio de la casa de un familiar en la comunidad de [&hellip;]<\/p>\n","protected":false},"author":1,"featured_media":8166,"comment_status":"open","ping_status":"open","sticky":false,"template":"","format":"standard","meta":{"footnotes":""},"categories":[1],"tags":[],"class_list":["post-8165","post","type-post","status-publish","format-standard","has-post-thumbnail","hentry","category-uncategorized"],"_links":{"self":[{"href":"https:\/\/rr.unv-informacion.xyz\/index.php?rest_route=\/wp\/v2\/posts\/8165","targetHints":{"allow":["GET"]}}],"collection":[{"href":"https:\/\/rr.unv-informacion.xyz\/index.php?rest_route=\/wp\/v2\/posts"}],"about":[{"href":"https:\/\/rr.unv-informacion.xyz\/index.php?rest_route=\/wp\/v2\/types\/post"}],"author":[{"embeddable":true,"href":"https:\/\/rr.unv-informacion.xyz\/index.php?rest_route=\/wp\/v2\/users\/1"}],"replies":[{"embeddable":true,"href":"https:\/\/rr.unv-informacion.xyz\/index.php?rest_route=%2Fwp%2Fv2%2Fcomments&post=8165"}],"version-history":[{"count":1,"href":"https:\/\/rr.unv-informacion.xyz\/index.php?rest_route=\/wp\/v2\/posts\/8165\/revisions"}],"predecessor-version":[{"id":8167,"href":"https:\/\/rr.unv-informacion.xyz\/index.php?rest_route=\/wp\/v2\/posts\/8165\/revisions\/8167"}],"wp:featuredmedia":[{"embeddable":true,"href":"https:\/\/rr.unv-informacion.xyz\/index.php?rest_route=\/wp\/v2\/media\/8166"}],"wp:attachment":[{"href":"https:\/\/rr.unv-informacion.xyz\/index.php?rest_route=%2Fwp%2Fv2%2Fmedia&parent=8165"}],"wp:term":[{"taxonomy":"category","embeddable":true,"href":"https:\/\/rr.unv-informacion.xyz\/index.php?rest_route=%2Fwp%2Fv2%2Fcategories&post=8165"},{"taxonomy":"post_tag","embeddable":true,"href":"https:\/\/rr.unv-informacion.xyz\/index.php?rest_route=%2Fwp%2Fv2%2Ftags&post=8165"}],"curies":[{"name":"wp","href":"https:\/\/api.w.org\/{rel}","templated":true}]}}