{"id":8168,"date":"2025-04-02T18:39:55","date_gmt":"2025-04-02T18:39:55","guid":{"rendered":"https:\/\/rr.unv-informacion.xyz\/?p=8168"},"modified":"2025-04-02T18:39:56","modified_gmt":"2025-04-02T18:39:56","slug":"habla-una-nina-vinculada-con-desaparicion-de-roldany-calderon-en-jarabacoa","status":"publish","type":"post","link":"https:\/\/rr.unv-informacion.xyz\/?p=8168","title":{"rendered":"Habla una ni\u00f1a vinculada con desaparici\u00f3n de Roldany Calder\u00f3n en Jarabacoa"},"content":{"rendered":"\n<p class=\"wp-block-paragraph\">Autoridades y voluntarios buscan a Roldanis Calder\u00f3n, ni\u00f1o desaparecido en Manabao, Jarabacoa, cerca del Parque Nacional Jos\u00e9 Armando Berm\u00fadez.<\/p>\n\n\n\n<p class=\"wp-block-paragraph\">La Vega, Rep\u00fablica Dominicana.- La desaparici\u00f3n de Roldany Calder\u00f3n, un ni\u00f1o de tres a\u00f1os en Manabao, Jarabacoa, ha generado gran preocupaci\u00f3n y movilizaci\u00f3n en la comunidad. Desde el pasado domingo, autoridades y voluntarios han trabajado sin descanso para encontrarlo.<\/p>\n\n\n\n<p class=\"wp-block-paragraph\">El peque\u00f1o fue visto por \u00faltima vez en una zona cercana al Parque Nacional Jos\u00e9 Armando Berm\u00fadez, donde su familia hab\u00eda ido de pasad\u00eda.<\/p>\n\n\n\n<p class=\"wp-block-paragraph\">\u00ab\u00c9l estaba jugando conmigo, despu\u00e9s yo lo llev\u00e9 adonde su pap\u00e1 y su pap\u00e1 estaba con \u00e9l en la cocina\u00bb, expres\u00f3 una de las ni\u00f1as que se encontraba compartiendo con el extraviado.<\/p>\n\n\n\n<p class=\"wp-block-paragraph\">\u00abCargaba un poloch\u00e9\u00bb, agreg\u00f3 la ni\u00f1a. Cuando las autoridades le preguntaron si el peque\u00f1o Roldany estaba acostumbrado a bajar el r\u00edo, ella respondi\u00f3 que no.<\/p>\n\n\n\n<p class=\"wp-block-paragraph\">Sus padres, Carolina Vargas Ure\u00f1a y Efra\u00edn Nicol\u00e1s Calder\u00f3n, est\u00e1n desesperados y piden ayuda para localizarlo. Seg\u00fan el relato del padre, Roldanis estaba jugando en el patio con una botella de refresco y una cubeta de agua entre las 2:00 y 3:00 de la tarde.<\/p>\n\n\n\n<p class=\"wp-block-paragraph\">Recordemos que el padre lo dej\u00f3 en compa\u00f1\u00eda de las dos ni\u00f1as. Sin embargo, al regresar apenas cinco minutos despu\u00e9s, el ni\u00f1o ya no estaba.<\/p>\n\n\n\n<p class=\"wp-block-paragraph\">Pablo Pimentel, intendente del Cuerpo de Bomberos de Buena Vista, explic\u00f3 que la familia, originaria de Hato Viejo, se encontraba en la \u00faltima vivienda habitada del paraje El Arraij\u00e1n, una zona monta\u00f1osa cercana al parque. La alerta sobre la desaparici\u00f3n del menor se emiti\u00f3 a las 5:20 de la tarde, lo que dio inicio a una intensa b\u00fasqueda.<\/p>\n\n\n\n<p class=\"wp-block-paragraph\">Desde ese momento, alrededor de 50 voluntarios han recorrido fincas, tayotales y el r\u00edo m\u00e1s pr\u00f3ximo en un esfuerzo por encontrar pistas sobre el paradero del ni\u00f1o. Hasta el momento, no se ha hallado ning\u00fan rastro de \u00e9l, lo que ha llevado a expandir el operativo a otras \u00e1reas.<\/p>\n\n\n\n<p class=\"wp-block-paragraph\">Las autoridades han mantenido la b\u00fasqueda activa durante horas y han hecho un llamado a la comunidad para sumarse a las labores de rescate. Adem\u00e1s, piden que cualquier persona con informaci\u00f3n relevante la comunique de inmediato.<\/p>\n\n\n\n<p class=\"wp-block-paragraph\">La desaparici\u00f3n de Roldanis ha conmovido a los residentes de la zona, quienes han mostrado su apoyo a la familia y se han unido a la b\u00fasqueda. Se espera que en las pr\u00f3ximas horas m\u00e1s equipos de rescate y unidades especializadas refuercen el operativo, con la esperanza de encontrar al ni\u00f1o sano y salvo.<\/p>\n\n\n<iframe loading=\"lazy\" src=\"https:\/\/www.facebook.com\/plugins\/video.php?href=https%3A%2F%2Fwww.facebook.com%2Fsucesosdeldiard%2Fvideos%2F1165444435175164%2F%3Fref%3Dembed_video&#038;show_text=0&#038;width=560\" width=\"560\" height=\"427\" style=\"border:none;overflow:hidden\" scrolling=\"no\" frameborder=\"0\" allowfullscreen=\"true\" allow=\"autoplay; clipboard-write; encrypted-media; picture-in-picture; web-share\" allowFullScreen=\"true\"><\/iframe>","protected":false},"excerpt":{"rendered":"<p>Autoridades y voluntarios buscan a Roldanis Calder\u00f3n, ni\u00f1o desaparecido en Manabao, Jarabacoa, cerca del Parque Nacional Jos\u00e9 Armando Berm\u00fadez. La Vega, Rep\u00fablica Dominicana.- La desaparici\u00f3n de Roldany Calder\u00f3n, un ni\u00f1o de tres a\u00f1os en Manabao, Jarabacoa, ha generado gran preocupaci\u00f3n y movilizaci\u00f3n en la comunidad. Desde el pasado domingo, autoridades y voluntarios han trabajado sin [&hellip;]<\/p>\n","protected":false},"author":1,"featured_media":8169,"comment_status":"open","ping_status":"open","sticky":false,"template":"","format":"standard","meta":{"footnotes":""},"categories":[1],"tags":[],"class_list":["post-8168","post","type-post","status-publish","format-standard","has-post-thumbnail","hentry","category-uncategorized"],"_links":{"self":[{"href":"https:\/\/rr.unv-informacion.xyz\/index.php?rest_route=\/wp\/v2\/posts\/8168","targetHints":{"allow":["GET"]}}],"collection":[{"href":"https:\/\/rr.unv-informacion.xyz\/index.php?rest_route=\/wp\/v2\/posts"}],"about":[{"href":"https:\/\/rr.unv-informacion.xyz\/index.php?rest_route=\/wp\/v2\/types\/post"}],"author":[{"embeddable":true,"href":"https:\/\/rr.unv-informacion.xyz\/index.php?rest_route=\/wp\/v2\/users\/1"}],"replies":[{"embeddable":true,"href":"https:\/\/rr.unv-informacion.xyz\/index.php?rest_route=%2Fwp%2Fv2%2Fcomments&post=8168"}],"version-history":[{"count":1,"href":"https:\/\/rr.unv-informacion.xyz\/index.php?rest_route=\/wp\/v2\/posts\/8168\/revisions"}],"predecessor-version":[{"id":8170,"href":"https:\/\/rr.unv-informacion.xyz\/index.php?rest_route=\/wp\/v2\/posts\/8168\/revisions\/8170"}],"wp:featuredmedia":[{"embeddable":true,"href":"https:\/\/rr.unv-informacion.xyz\/index.php?rest_route=\/wp\/v2\/media\/8169"}],"wp:attachment":[{"href":"https:\/\/rr.unv-informacion.xyz\/index.php?rest_route=%2Fwp%2Fv2%2Fmedia&parent=8168"}],"wp:term":[{"taxonomy":"category","embeddable":true,"href":"https:\/\/rr.unv-informacion.xyz\/index.php?rest_route=%2Fwp%2Fv2%2Fcategories&post=8168"},{"taxonomy":"post_tag","embeddable":true,"href":"https:\/\/rr.unv-informacion.xyz\/index.php?rest_route=%2Fwp%2Fv2%2Ftags&post=8168"}],"curies":[{"name":"wp","href":"https:\/\/api.w.org\/{rel}","templated":true}]}}