{"id":8173,"date":"2025-04-03T16:50:00","date_gmt":"2025-04-03T16:50:00","guid":{"rendered":"https:\/\/rr.unv-informacion.xyz\/?p=8173"},"modified":"2025-04-03T16:50:00","modified_gmt":"2025-04-03T16:50:00","slug":"padre-de-nino-desaparecido-en-jarabacoa-niega-tener-enemigos","status":"publish","type":"post","link":"https:\/\/rr.unv-informacion.xyz\/?p=8173","title":{"rendered":"Padre de ni\u00f1o desaparecido en Jarabacoa niega tener enemigos"},"content":{"rendered":"\n<p class=\"wp-block-paragraph\">Efra\u00edn Calder\u00f3n, padre del ni\u00f1o desaparecido en Jarabacoa, descarta que su desaparici\u00f3n est\u00e9 relacionada con alguna enemistad.<\/p>\n\n\n\n<p class=\"wp-block-paragraph\">Efra\u00edn Calder\u00f3n, padre de Roldany Calder\u00f3n, el ni\u00f1o de tres a\u00f1os, reportado como desaparecido el pasado 30 de marzo en la comunidad de Los Tablones, distrito municipal de Manabao, municipio de Jarabacoa, habl\u00f3 ante los medios de comunicaci\u00f3n tras salir del Palacio de Justicia de la localidad.<\/p>\n\n\n\n<p class=\"wp-block-paragraph\">Durante su declaraci\u00f3n, Calder\u00f3n fue cuestionado sobre si la desaparici\u00f3n de su hijo podr\u00eda estar relacionada con alguna enemistad personal. Sin embargo, \u00e9l asegur\u00f3 que no tiene enemigos, descartando cualquier hip\u00f3tesis que vincule el caso con rencillas personales.<\/p>\n\n\n\n<p class=\"wp-block-paragraph\">Las autoridades contin\u00faan con la b\u00fasqueda del menor y mantienen abiertas todas las l\u00edneas de investigaci\u00f3n para esclarecer lo sucedido. Mientras tanto, la comunidad y familiares del ni\u00f1o siguen a la espera de informaci\u00f3n que ayude a dar con su paradero.<\/p>\n\n\n\n<p class=\"wp-block-paragraph\">Cuando una comunicadora lo abord\u00f3 para conocer m\u00e1s detalles del caso, esta le pregunt\u00f3 sobre la hip\u00f3tesis de que haya dos motoristas involucrados con el caso, ya que en el lugar encontraron dos motocicletas desconocidas:<\/p>\n\n\n\n<p class=\"wp-block-paragraph\">\u00abNo, no nos dimos cuenta de nada. Nada m\u00e1s los vimos y luego entramos, pero no podemos decir que esos motores fueron. Yo no me di cuenta\u00bb, expres\u00f3 el padre.<\/p>\n\n\n\n<p class=\"wp-block-paragraph\">El caso ha generado gran preocupaci\u00f3n en la zona, y las autoridades han solicitado la colaboraci\u00f3n de la ciudadan\u00eda para aportar cualquier dato que pueda ser \u00fatil en la investigaci\u00f3n.<\/p>\n\n\n<iframe loading=\"lazy\" src=\"https:\/\/www.facebook.com\/plugins\/video.php?href=https%3A%2F%2Fwww.facebook.com%2Fsucesosdeldiard%2Fvideos%2F623624613874197%2F%3Fref%3Dembed_video&#038;show_text=0&#038;width=378\" width=\"378\" height=\"476\" style=\"border:none;overflow:hidden\" scrolling=\"no\" frameborder=\"0\" allowfullscreen=\"true\" allow=\"autoplay; clipboard-write; encrypted-media; picture-in-picture; web-share\" allowFullScreen=\"true\"><\/iframe>","protected":false},"excerpt":{"rendered":"<p>Efra\u00edn Calder\u00f3n, padre del ni\u00f1o desaparecido en Jarabacoa, descarta que su desaparici\u00f3n est\u00e9 relacionada con alguna enemistad. Efra\u00edn Calder\u00f3n, padre de Roldany Calder\u00f3n, el ni\u00f1o de tres a\u00f1os, reportado como desaparecido el pasado 30 de marzo en la comunidad de Los Tablones, distrito municipal de Manabao, municipio de Jarabacoa, habl\u00f3 ante los medios de comunicaci\u00f3n [&hellip;]<\/p>\n","protected":false},"author":1,"featured_media":8174,"comment_status":"open","ping_status":"open","sticky":false,"template":"","format":"standard","meta":{"footnotes":""},"categories":[1],"tags":[],"class_list":["post-8173","post","type-post","status-publish","format-standard","has-post-thumbnail","hentry","category-uncategorized"],"_links":{"self":[{"href":"https:\/\/rr.unv-informacion.xyz\/index.php?rest_route=\/wp\/v2\/posts\/8173","targetHints":{"allow":["GET"]}}],"collection":[{"href":"https:\/\/rr.unv-informacion.xyz\/index.php?rest_route=\/wp\/v2\/posts"}],"about":[{"href":"https:\/\/rr.unv-informacion.xyz\/index.php?rest_route=\/wp\/v2\/types\/post"}],"author":[{"embeddable":true,"href":"https:\/\/rr.unv-informacion.xyz\/index.php?rest_route=\/wp\/v2\/users\/1"}],"replies":[{"embeddable":true,"href":"https:\/\/rr.unv-informacion.xyz\/index.php?rest_route=%2Fwp%2Fv2%2Fcomments&post=8173"}],"version-history":[{"count":1,"href":"https:\/\/rr.unv-informacion.xyz\/index.php?rest_route=\/wp\/v2\/posts\/8173\/revisions"}],"predecessor-version":[{"id":8175,"href":"https:\/\/rr.unv-informacion.xyz\/index.php?rest_route=\/wp\/v2\/posts\/8173\/revisions\/8175"}],"wp:featuredmedia":[{"embeddable":true,"href":"https:\/\/rr.unv-informacion.xyz\/index.php?rest_route=\/wp\/v2\/media\/8174"}],"wp:attachment":[{"href":"https:\/\/rr.unv-informacion.xyz\/index.php?rest_route=%2Fwp%2Fv2%2Fmedia&parent=8173"}],"wp:term":[{"taxonomy":"category","embeddable":true,"href":"https:\/\/rr.unv-informacion.xyz\/index.php?rest_route=%2Fwp%2Fv2%2Fcategories&post=8173"},{"taxonomy":"post_tag","embeddable":true,"href":"https:\/\/rr.unv-informacion.xyz\/index.php?rest_route=%2Fwp%2Fv2%2Ftags&post=8173"}],"curies":[{"name":"wp","href":"https:\/\/api.w.org\/{rel}","templated":true}]}}