{"id":8176,"date":"2025-04-03T16:56:44","date_gmt":"2025-04-03T16:56:44","guid":{"rendered":"https:\/\/rr.unv-informacion.xyz\/?p=8176"},"modified":"2025-04-03T16:56:44","modified_gmt":"2025-04-03T16:56:44","slug":"difunden-video-de-roldany-calderon-y-autoridades-no-cesan-su-busqueda","status":"publish","type":"post","link":"https:\/\/rr.unv-informacion.xyz\/?p=8176","title":{"rendered":"Difunden video de Roldany Calder\u00f3n y autoridades no cesan su b\u00fasqueda"},"content":{"rendered":"\n<p class=\"wp-block-paragraph\">Autoridades contin\u00faan la b\u00fasqueda de Roldany Calder\u00f3n, de 3 a\u00f1os, desaparecido en Manabao, Jarabacoa, usando tecnolog\u00eda avanzada y nuevas estrategias.<\/p>\n\n\n\n<p class=\"wp-block-paragraph\">Desde tempranas horas de este mi\u00e9rcoles, los familiares del ni\u00f1o Roldany Calder\u00f3n, de 3 a\u00f1os, quien fue reportado como desaparecido el pasado 30 de marzo en el distrito municipal de Manabao, Jarabacoa, provincia La Vega, estuvieron en el cuartel de la Polic\u00eda Nacional de Jarabacoa para ser interrogados.<\/p>\n\n\n\n<p class=\"wp-block-paragraph\">Desde las 7:00 de la ma\u00f1ana del mi\u00e9rcoles, y durante todo el d\u00eda martes, los padres del menor, Carolin Vargas y Efra\u00edn Calder\u00f3n, han sido cuestionados por las autoridades del Ministerio P\u00fablico y la Polic\u00eda Nacional, quienes llevan la investigaci\u00f3n del caso.<\/p>\n\n\n\n<p class=\"wp-block-paragraph\">Adem\u00e1s, otros familiares y los ni\u00f1os que estaban con Roldany cuando desapareci\u00f3 han sido llevados a la base policial para brindar declaraciones.<\/p>\n\n\n\n<p class=\"wp-block-paragraph\">Francia Trinidad, cu\u00f1ada de Carolin, inform\u00f3 que las brigadas de b\u00fasqueda se retiraron el martes alrededor de la 1:00 de la tarde y, hasta el momento, las autoridades no han compartido informaci\u00f3n nueva sobre la investigaci\u00f3n.<\/p>\n\n\n\n<p class=\"wp-block-paragraph\">La madre del ni\u00f1o, Carolin Vargas, ha sido trasladada al hospital en al menos dos ocasiones para recibir medicamentos que la ayuden a calmarse ante la angustia de la desaparici\u00f3n de su hijo.<\/p>\n\n\n\n<p class=\"wp-block-paragraph\">M\u00e1s de 200 personas han recorrido la zona en un esfuerzo por encontrar al peque\u00f1o. Sin embargo, el martes, las autoridades decidieron cerrar el per\u00edmetro de b\u00fasqueda para implementar nuevas estrategias.<\/p>\n\n\n\n<p class=\"wp-block-paragraph\">Para localizar a Roldany Calder\u00f3n, las autoridades dominicanas est\u00e1n empleando tecnolog\u00eda avanzada similar a la utilizada en la b\u00fasqueda de la turista india Sudiksha Konanki.<\/p>\n\n\n\n<p class=\"wp-block-paragraph\">El Servicio Nacional de Atenci\u00f3n a Emergencias y Seguridad 911 inform\u00f3 en una nota de prensa que han desplegado herramientas de inteligencia artificial desarrolladas con el apoyo de Estados Unidos. Durante el martes, dos equipos especializados del 911 realizaron b\u00fasquedas en una monta\u00f1a de Jarabacoa utilizando c\u00e1maras t\u00e9rmicas y de alta resoluci\u00f3n.<\/p>\n\n\n\n<p class=\"wp-block-paragraph\">Han pasado tres d\u00edas desde que Roldany desapareci\u00f3 sin dejar rastro mientras jugaba en el patio de la casa de un familiar en la comunidad de Los Tablones, en Manabao.<\/p>\n\n\n\n<p class=\"wp-block-paragraph\">Seg\u00fan la versi\u00f3n conocida hasta el momento, el ni\u00f1o estaba visitando la casa de una t\u00eda de su madre junto a sus padres el domingo pasado. Mientras jugaba con una botella de refresco dentro de una cubeta, su padre le llev\u00f3 un jugo. Sin embargo, apenas cinco minutos despu\u00e9s, cuando su padre volvi\u00f3 por \u00e9l, el ni\u00f1o ya no estaba.<\/p>\n\n\n\n<p class=\"wp-block-paragraph\">La comunidad sigue en vilo, esperando noticias sobre el paradero del peque\u00f1o Roldany Calder\u00f3n, mientras las autoridades contin\u00faan con las investigaciones y estrategias de b\u00fasqueda.<\/p>\n\n\n<iframe loading=\"lazy\" src=\"https:\/\/www.facebook.com\/plugins\/video.php?href=https%3A%2F%2Fwww.facebook.com%2FNenoband4%2Fvideos%2F1307762880478280%2F%3Fref%3Dembed_video&#038;show_text=0&#038;width=560\" width=\"560\" height=\"425\" style=\"border:none;overflow:hidden\" scrolling=\"no\" frameborder=\"0\" allowfullscreen=\"true\" allow=\"autoplay; clipboard-write; encrypted-media; picture-in-picture; web-share\" allowFullScreen=\"true\"><\/iframe>","protected":false},"excerpt":{"rendered":"<p>Autoridades contin\u00faan la b\u00fasqueda de Roldany Calder\u00f3n, de 3 a\u00f1os, desaparecido en Manabao, Jarabacoa, usando tecnolog\u00eda avanzada y nuevas estrategias. Desde tempranas horas de este mi\u00e9rcoles, los familiares del ni\u00f1o Roldany Calder\u00f3n, de 3 a\u00f1os, quien fue reportado como desaparecido el pasado 30 de marzo en el distrito municipal de Manabao, Jarabacoa, provincia La Vega, [&hellip;]<\/p>\n","protected":false},"author":1,"featured_media":8177,"comment_status":"open","ping_status":"open","sticky":false,"template":"","format":"standard","meta":{"footnotes":""},"categories":[1],"tags":[],"class_list":["post-8176","post","type-post","status-publish","format-standard","has-post-thumbnail","hentry","category-uncategorized"],"_links":{"self":[{"href":"https:\/\/rr.unv-informacion.xyz\/index.php?rest_route=\/wp\/v2\/posts\/8176","targetHints":{"allow":["GET"]}}],"collection":[{"href":"https:\/\/rr.unv-informacion.xyz\/index.php?rest_route=\/wp\/v2\/posts"}],"about":[{"href":"https:\/\/rr.unv-informacion.xyz\/index.php?rest_route=\/wp\/v2\/types\/post"}],"author":[{"embeddable":true,"href":"https:\/\/rr.unv-informacion.xyz\/index.php?rest_route=\/wp\/v2\/users\/1"}],"replies":[{"embeddable":true,"href":"https:\/\/rr.unv-informacion.xyz\/index.php?rest_route=%2Fwp%2Fv2%2Fcomments&post=8176"}],"version-history":[{"count":1,"href":"https:\/\/rr.unv-informacion.xyz\/index.php?rest_route=\/wp\/v2\/posts\/8176\/revisions"}],"predecessor-version":[{"id":8178,"href":"https:\/\/rr.unv-informacion.xyz\/index.php?rest_route=\/wp\/v2\/posts\/8176\/revisions\/8178"}],"wp:featuredmedia":[{"embeddable":true,"href":"https:\/\/rr.unv-informacion.xyz\/index.php?rest_route=\/wp\/v2\/media\/8177"}],"wp:attachment":[{"href":"https:\/\/rr.unv-informacion.xyz\/index.php?rest_route=%2Fwp%2Fv2%2Fmedia&parent=8176"}],"wp:term":[{"taxonomy":"category","embeddable":true,"href":"https:\/\/rr.unv-informacion.xyz\/index.php?rest_route=%2Fwp%2Fv2%2Fcategories&post=8176"},{"taxonomy":"post_tag","embeddable":true,"href":"https:\/\/rr.unv-informacion.xyz\/index.php?rest_route=%2Fwp%2Fv2%2Ftags&post=8176"}],"curies":[{"name":"wp","href":"https:\/\/api.w.org\/{rel}","templated":true}]}}