{"id":8179,"date":"2025-04-03T17:01:00","date_gmt":"2025-04-03T17:01:00","guid":{"rendered":"https:\/\/rr.unv-informacion.xyz\/?p=8179"},"modified":"2025-04-03T17:01:00","modified_gmt":"2025-04-03T17:01:00","slug":"continua-la-busqueda-de-roldany-calderon-en-manabao-y-senalan-una-mujer","status":"publish","type":"post","link":"https:\/\/rr.unv-informacion.xyz\/?p=8179","title":{"rendered":"Contin\u00faa la b\u00fasqueda de Roldany Calder\u00f3n en Manabao y se\u00f1alan una mujer"},"content":{"rendered":"\n<p class=\"wp-block-paragraph\">Autoridades y comunidad siguen buscando a Roldany Calder\u00f3n, desaparecido en Manabao. Se investigan varias hip\u00f3tesis y se ofrecen recompensas por informaci\u00f3n.<\/p>\n\n\n\n<p class=\"wp-block-paragraph\">Desde el pasado domingo 30 de marzo, la comunidad de Jarabacoa y las autoridades de La Vega mantienen la intensa b\u00fasqueda del peque\u00f1o Roldany Calder\u00f3n, de tres a\u00f1os, desaparecido en la comunidad Los Tablones de Manabao.<\/p>\n\n\n\n<p class=\"wp-block-paragraph\">El caso ha causado gran angustia en la poblaci\u00f3n y ha movilizado a los cuerpos de rescate. Seg\u00fan los primeros reportes, el ni\u00f1o jugaba en el patio de su casa mientras su madre realizaba tareas dom\u00e9sticas. Al notar su ausencia, ella y los vecinos iniciaron una b\u00fasqueda inmediata, pero sin \u00e9xito.<\/p>\n\n\n\n<p class=\"wp-block-paragraph\">Algunos residentes mencionaron haber visto a un hombre sospechoso merodeando la zona el mismo d\u00eda de la desaparici\u00f3n, lo que ha generado inquietud y teor\u00edas sobre un posible secuestro. Sin embargo, las autoridades a\u00fan no han confirmado esta informaci\u00f3n y mantienen todas las l\u00edneas de investigaci\u00f3n abiertas.<\/p>\n\n\n\n<p class=\"wp-block-paragraph\">Recientemente, el comunicador Jos\u00e9 Laluz se\u00f1al\u00f3 que una mujer de Puerto Plata podr\u00eda estar relacionada con el caso, debido a un presunto v\u00ednculo con el padre del menor. A pesar de estas declaraciones, las autoridades no han emitido confirmaciones al respecto y contin\u00faan investigando.<\/p>\n\n\n\n<p class=\"wp-block-paragraph\">\u00abEsa es la informaci\u00f3n, que aparentemente hay una mujer que tiene v\u00ednculos con el padre del ni\u00f1o\u00bb, dijo Laluz.<\/p>\n\n\n\n<p class=\"wp-block-paragraph\">Desde el inicio de la b\u00fasqueda, m\u00e1s de 100 efectivos de la Polic\u00eda Nacional, el Ej\u00e9rcito, la Defensa Civil y el Cuerpo de Bomberos han trabajado en la zona. Se han desplegado drones con c\u00e1maras t\u00e9rmicas y unidades caninas para rastrear \u00e1reas boscosas cercanas al Parque Nacional J. Armando Berm\u00fadez.<\/p>\n\n\n\n<p class=\"wp-block-paragraph\">Los padres del ni\u00f1o, junto con otras personas cercanas, han sido interrogados por la Procuradur\u00eda Especializada de Ni\u00f1os, Ni\u00f1as y Adolescentes para esclarecer detalles de la desaparici\u00f3n.<\/p>\n\n\n\n<p class=\"wp-block-paragraph\">Con la intenci\u00f3n de agilizar la b\u00fasqueda, familiares y amigos han ofrecido una recompensa a quien pueda proporcionar informaci\u00f3n clave sobre el paradero de Roldany.<\/p>\n\n\n\n<p class=\"wp-block-paragraph\">La madre del menor ha hecho un llamado desesperado a la poblaci\u00f3n y las autoridades, rogando por cualquier dato que ayude a encontrar a su hijo.<\/p>\n\n\n\n<p class=\"wp-block-paragraph\">Mientras tanto, diversas organizaciones que defienden los derechos infantiles han pedido mayor seguridad en la comunidad y una investigaci\u00f3n exhaustiva para esclarecer lo sucedido y evitar que otras familias enfrenten situaciones similares.<\/p>\n\n\n\n<p class=\"wp-block-paragraph\">Las autoridades solicitan que cualquier persona con informaci\u00f3n sobre el paradero de Roldany Calder\u00f3n se comunique de inmediato con los organismos de seguridad. La investigaci\u00f3n sigue en curso y cada minuto es vital para hallar al menor sano y salvo.<\/p>\n","protected":false},"excerpt":{"rendered":"<p>Autoridades y comunidad siguen buscando a Roldany Calder\u00f3n, desaparecido en Manabao. Se investigan varias hip\u00f3tesis y se ofrecen recompensas por informaci\u00f3n. Desde el pasado domingo 30 de marzo, la comunidad de Jarabacoa y las autoridades de La Vega mantienen la intensa b\u00fasqueda del peque\u00f1o Roldany Calder\u00f3n, de tres a\u00f1os, desaparecido en la comunidad Los Tablones [&hellip;]<\/p>\n","protected":false},"author":1,"featured_media":8180,"comment_status":"open","ping_status":"open","sticky":false,"template":"","format":"standard","meta":{"footnotes":""},"categories":[1],"tags":[],"class_list":["post-8179","post","type-post","status-publish","format-standard","has-post-thumbnail","hentry","category-uncategorized"],"_links":{"self":[{"href":"https:\/\/rr.unv-informacion.xyz\/index.php?rest_route=\/wp\/v2\/posts\/8179","targetHints":{"allow":["GET"]}}],"collection":[{"href":"https:\/\/rr.unv-informacion.xyz\/index.php?rest_route=\/wp\/v2\/posts"}],"about":[{"href":"https:\/\/rr.unv-informacion.xyz\/index.php?rest_route=\/wp\/v2\/types\/post"}],"author":[{"embeddable":true,"href":"https:\/\/rr.unv-informacion.xyz\/index.php?rest_route=\/wp\/v2\/users\/1"}],"replies":[{"embeddable":true,"href":"https:\/\/rr.unv-informacion.xyz\/index.php?rest_route=%2Fwp%2Fv2%2Fcomments&post=8179"}],"version-history":[{"count":1,"href":"https:\/\/rr.unv-informacion.xyz\/index.php?rest_route=\/wp\/v2\/posts\/8179\/revisions"}],"predecessor-version":[{"id":8181,"href":"https:\/\/rr.unv-informacion.xyz\/index.php?rest_route=\/wp\/v2\/posts\/8179\/revisions\/8181"}],"wp:featuredmedia":[{"embeddable":true,"href":"https:\/\/rr.unv-informacion.xyz\/index.php?rest_route=\/wp\/v2\/media\/8180"}],"wp:attachment":[{"href":"https:\/\/rr.unv-informacion.xyz\/index.php?rest_route=%2Fwp%2Fv2%2Fmedia&parent=8179"}],"wp:term":[{"taxonomy":"category","embeddable":true,"href":"https:\/\/rr.unv-informacion.xyz\/index.php?rest_route=%2Fwp%2Fv2%2Fcategories&post=8179"},{"taxonomy":"post_tag","embeddable":true,"href":"https:\/\/rr.unv-informacion.xyz\/index.php?rest_route=%2Fwp%2Fv2%2Ftags&post=8179"}],"curies":[{"name":"wp","href":"https:\/\/api.w.org\/{rel}","templated":true}]}}