{"id":8182,"date":"2025-04-03T17:03:36","date_gmt":"2025-04-03T17:03:36","guid":{"rendered":"https:\/\/rr.unv-informacion.xyz\/?p=8182"},"modified":"2025-04-03T17:03:36","modified_gmt":"2025-04-03T17:03:36","slug":"muestran-la-letrina-de-la-zona-donde-desaparecio-el-pequeno-roldany","status":"publish","type":"post","link":"https:\/\/rr.unv-informacion.xyz\/?p=8182","title":{"rendered":"Muestran la letrina de la zona donde desapareci\u00f3 el peque\u00f1o Roldany"},"content":{"rendered":"\n<p class=\"wp-block-paragraph\">El caso de la desaparici\u00f3n de Roldany Calder\u00f3n sigue generando incertidumbre, y cada nuevo hallazgo en la zona alimenta m\u00e1s preguntas que respuestas.<\/p>\n\n\n\n<p class=\"wp-block-paragraph\">En las \u00faltimas horas, el comunicador \u201cWiu Wiu\u201d mostr\u00f3 im\u00e1genes exclusivas de una letrina ubicada en el \u00e1rea donde el ni\u00f1o fue visto por \u00faltima vez, lo que ha generado nuevas l\u00edneas de investigaci\u00f3n.<\/p>\n\n\n\n<p class=\"wp-block-paragraph\">Lorenza, t\u00eda de la madre del menor, expres\u00f3 su angustia, asegurando que esta era la tercera vez que el peque\u00f1o visitaba el lugar junto a sus padres. Entre l\u00e1grimas, confes\u00f3 que desde la desaparici\u00f3n no ha podido ni comer ni dormir debido a la preocupaci\u00f3n.<\/p>\n\n\n\n<p class=\"wp-block-paragraph\">Mientras tanto, las autoridades contin\u00faan con los operativos de b\u00fasqueda y la comunidad sigue exigiendo respuestas. El pa\u00eds entero espera con esperanza el pronto esclarecimiento de este angustiante caso.<\/p>\n\n\n\n<p class=\"wp-block-paragraph\">Este caso sigue conmoviendo a la comunidad y manteniendo en vilo a todo el pa\u00eds. La incertidumbre crece con cada hora que pasa sin respuestas claras, mientras familiares y vecinos se aferran a la esperanza de encontrar pronto a Roldany Calder\u00f3n.<\/p>\n\n\n\n<p class=\"wp-block-paragraph\">Las autoridades contin\u00faan desplegando operativos de b\u00fasqueda con equipos especializados y diversas estrategias para dar con el paradero del menor.<\/p>\n\n\n\n<p class=\"wp-block-paragraph\">La comunidad, unida en la causa, sigue colaborando y exigiendo justicia, a la espera de noticias alentadoras sobre este caso que ha tocado el coraz\u00f3n de muchos.<\/p>\n\n\n<iframe loading=\"lazy\" src=\"https:\/\/www.facebook.com\/plugins\/video.php?href=https%3A%2F%2Fwww.facebook.com%2Flavegamundial%2Fvideos%2F1235643704757396%2F%3Fref%3Dembed_video&#038;show_text=0&#038;width=476\" width=\"476\" height=\"476\" style=\"border:none;overflow:hidden\" scrolling=\"no\" frameborder=\"0\" allowfullscreen=\"true\" allow=\"autoplay; clipboard-write; encrypted-media; picture-in-picture; web-share\" allowFullScreen=\"true\"><\/iframe>","protected":false},"excerpt":{"rendered":"<p>El caso de la desaparici\u00f3n de Roldany Calder\u00f3n sigue generando incertidumbre, y cada nuevo hallazgo en la zona alimenta m\u00e1s preguntas que respuestas. En las \u00faltimas horas, el comunicador \u201cWiu Wiu\u201d mostr\u00f3 im\u00e1genes exclusivas de una letrina ubicada en el \u00e1rea donde el ni\u00f1o fue visto por \u00faltima vez, lo que ha generado nuevas l\u00edneas [&hellip;]<\/p>\n","protected":false},"author":1,"featured_media":8183,"comment_status":"open","ping_status":"open","sticky":false,"template":"","format":"standard","meta":{"footnotes":""},"categories":[1],"tags":[],"class_list":["post-8182","post","type-post","status-publish","format-standard","has-post-thumbnail","hentry","category-uncategorized"],"_links":{"self":[{"href":"https:\/\/rr.unv-informacion.xyz\/index.php?rest_route=\/wp\/v2\/posts\/8182","targetHints":{"allow":["GET"]}}],"collection":[{"href":"https:\/\/rr.unv-informacion.xyz\/index.php?rest_route=\/wp\/v2\/posts"}],"about":[{"href":"https:\/\/rr.unv-informacion.xyz\/index.php?rest_route=\/wp\/v2\/types\/post"}],"author":[{"embeddable":true,"href":"https:\/\/rr.unv-informacion.xyz\/index.php?rest_route=\/wp\/v2\/users\/1"}],"replies":[{"embeddable":true,"href":"https:\/\/rr.unv-informacion.xyz\/index.php?rest_route=%2Fwp%2Fv2%2Fcomments&post=8182"}],"version-history":[{"count":1,"href":"https:\/\/rr.unv-informacion.xyz\/index.php?rest_route=\/wp\/v2\/posts\/8182\/revisions"}],"predecessor-version":[{"id":8184,"href":"https:\/\/rr.unv-informacion.xyz\/index.php?rest_route=\/wp\/v2\/posts\/8182\/revisions\/8184"}],"wp:featuredmedia":[{"embeddable":true,"href":"https:\/\/rr.unv-informacion.xyz\/index.php?rest_route=\/wp\/v2\/media\/8183"}],"wp:attachment":[{"href":"https:\/\/rr.unv-informacion.xyz\/index.php?rest_route=%2Fwp%2Fv2%2Fmedia&parent=8182"}],"wp:term":[{"taxonomy":"category","embeddable":true,"href":"https:\/\/rr.unv-informacion.xyz\/index.php?rest_route=%2Fwp%2Fv2%2Fcategories&post=8182"},{"taxonomy":"post_tag","embeddable":true,"href":"https:\/\/rr.unv-informacion.xyz\/index.php?rest_route=%2Fwp%2Fv2%2Ftags&post=8182"}],"curies":[{"name":"wp","href":"https:\/\/api.w.org\/{rel}","templated":true}]}}