{"id":8185,"date":"2025-04-03T17:06:26","date_gmt":"2025-04-03T17:06:26","guid":{"rendered":"https:\/\/rr.unv-informacion.xyz\/?p=8185"},"modified":"2025-04-03T17:06:27","modified_gmt":"2025-04-03T17:06:27","slug":"continua-la-busqueda-del-nino-desaparecido-en-jarabacoa","status":"publish","type":"post","link":"https:\/\/rr.unv-informacion.xyz\/?p=8185","title":{"rendered":"Contin\u00faa la b\u00fasqueda del ni\u00f1o desaparecido en Jarabacoa"},"content":{"rendered":"\n<p class=\"wp-block-paragraph\">Autoridades y la comunidad buscan a Roldany Calder\u00f3n, ni\u00f1o de 3 a\u00f1os desaparecido en Jarabacoa; operativos masivos siguen en marcha.<\/p>\n\n\n\n<p class=\"wp-block-paragraph\">Las autoridades y la comunidad de Jarabacoa siguen en alerta m\u00e1xima ante la desaparici\u00f3n de Roldany Calder\u00f3n, un ni\u00f1o de tres a\u00f1os visto por \u00faltima vez el pasado domingo 30 de marzo en la comunidad Los Tablones de Manabao, en la provincia La Vega.<\/p>\n\n\n\n<p class=\"wp-block-paragraph\">Desde el momento de su desaparici\u00f3n, la incertidumbre ha generado un gran despliegue de operativos de b\u00fasqueda, con la esperanza de encontrarlo sano y salvo.<\/p>\n\n\n\n<p class=\"wp-block-paragraph\">Seg\u00fan testigos, el menor estaba jugando en el patio de su casa mientras su madre realizaba tareas dom\u00e9sticas. Al notar su ausencia, comenz\u00f3 una b\u00fasqueda inmediata con la ayuda de vecinos y familiares, pero sin \u00e9xito. Ante la falta de resultados, se dio aviso a las autoridades para intensificar los esfuerzos.<\/p>\n\n\n\n<p class=\"wp-block-paragraph\">Desde entonces, m\u00e1s de 100 agentes de la Polic\u00eda Nacional, el Ej\u00e9rcito de la Rep\u00fablica Dominicana, la Defensa Civil y el Cuerpo de Bomberos han participado en la b\u00fasqueda.<\/p>\n\n\n\n<p class=\"wp-block-paragraph\">Se han utilizado drones con c\u00e1maras t\u00e9rmicas y unidades caninas para rastrear las zonas boscosas cercanas, pero hasta el momento no se ha encontrado ninguna pista sobre el paradero del ni\u00f1o.<\/p>\n\n\n\n<p class=\"wp-block-paragraph\">Las investigaciones han llevado a las autoridades a interrogar a los padres y otras personas cercanas a la familia con el objetivo de esclarecer lo sucedido. Adem\u00e1s, la Procuradur\u00eda Especializada de Ni\u00f1os, Ni\u00f1as y Adolescentes est\u00e1 colaborando activamente en las diligencias.<\/p>\n\n\n\n<p class=\"wp-block-paragraph\">Un equipo period\u00edstico de La Vega visit\u00f3 la vivienda donde se encontraba el menor antes de desaparecer. En el lugar se observ\u00f3 una puerta rota, que seg\u00fan el reportero fue forzada por la polic\u00eda durante la investigaci\u00f3n. Tambi\u00e9n se captaron im\u00e1genes de las viviendas cercanas, mostrando un entorno comunitario.<\/p>\n\n\n\n<p class=\"wp-block-paragraph\">En medio de la cobertura, el vocero de la Polic\u00eda, Diego Pesqueira, intent\u00f3 restringir el acceso de la prensa al \u00e1rea, aunque el periodista logr\u00f3 grabar im\u00e1genes en exclusiva.<\/p>\n\n\n\n<p class=\"wp-block-paragraph\">La desesperaci\u00f3n ha llevado a los familiares de Roldany a ofrecer una recompensa a cualquier persona que pueda proporcionar informaci\u00f3n clave para su ubicaci\u00f3n. La madre del ni\u00f1o ha hecho un llamado a la poblaci\u00f3n, pidiendo colaboraci\u00f3n y oraciones para que su hijo regrese a casa sano y salvo.<\/p>\n\n\n\n<p class=\"wp-block-paragraph\">Este caso ha generado gran preocupaci\u00f3n entre organizaciones defensoras de los derechos de la infancia, que exigen una investigaci\u00f3n profunda para esclarecer lo ocurrido y reforzar la seguridad en la zona.<\/p>\n\n\n\n<p class=\"wp-block-paragraph\">Las autoridades piden a cualquier persona con informaci\u00f3n relevante que se comunique de inmediato con los organismos de seguridad. La comunidad y todo el pa\u00eds permanecen atentos, con la esperanza de que el peque\u00f1o Roldany Calder\u00f3n sea encontrado pronto.<\/p>\n\n\n<iframe loading=\"lazy\" src=\"https:\/\/www.facebook.com\/plugins\/video.php?href=https%3A%2F%2Fwww.facebook.com%2Flavegamundial%2Fvideos%2F1169305234980666%2F%3Fref%3Dembed_video&#038;show_text=0&#038;width=476\" width=\"476\" height=\"476\" style=\"border:none;overflow:hidden\" scrolling=\"no\" frameborder=\"0\" allowfullscreen=\"true\" allow=\"autoplay; clipboard-write; encrypted-media; picture-in-picture; web-share\" allowFullScreen=\"true\"><\/iframe>","protected":false},"excerpt":{"rendered":"<p>Autoridades y la comunidad buscan a Roldany Calder\u00f3n, ni\u00f1o de 3 a\u00f1os desaparecido en Jarabacoa; operativos masivos siguen en marcha. Las autoridades y la comunidad de Jarabacoa siguen en alerta m\u00e1xima ante la desaparici\u00f3n de Roldany Calder\u00f3n, un ni\u00f1o de tres a\u00f1os visto por \u00faltima vez el pasado domingo 30 de marzo en la comunidad [&hellip;]<\/p>\n","protected":false},"author":1,"featured_media":8186,"comment_status":"open","ping_status":"open","sticky":false,"template":"","format":"standard","meta":{"footnotes":""},"categories":[1],"tags":[],"class_list":["post-8185","post","type-post","status-publish","format-standard","has-post-thumbnail","hentry","category-uncategorized"],"_links":{"self":[{"href":"https:\/\/rr.unv-informacion.xyz\/index.php?rest_route=\/wp\/v2\/posts\/8185","targetHints":{"allow":["GET"]}}],"collection":[{"href":"https:\/\/rr.unv-informacion.xyz\/index.php?rest_route=\/wp\/v2\/posts"}],"about":[{"href":"https:\/\/rr.unv-informacion.xyz\/index.php?rest_route=\/wp\/v2\/types\/post"}],"author":[{"embeddable":true,"href":"https:\/\/rr.unv-informacion.xyz\/index.php?rest_route=\/wp\/v2\/users\/1"}],"replies":[{"embeddable":true,"href":"https:\/\/rr.unv-informacion.xyz\/index.php?rest_route=%2Fwp%2Fv2%2Fcomments&post=8185"}],"version-history":[{"count":1,"href":"https:\/\/rr.unv-informacion.xyz\/index.php?rest_route=\/wp\/v2\/posts\/8185\/revisions"}],"predecessor-version":[{"id":8187,"href":"https:\/\/rr.unv-informacion.xyz\/index.php?rest_route=\/wp\/v2\/posts\/8185\/revisions\/8187"}],"wp:featuredmedia":[{"embeddable":true,"href":"https:\/\/rr.unv-informacion.xyz\/index.php?rest_route=\/wp\/v2\/media\/8186"}],"wp:attachment":[{"href":"https:\/\/rr.unv-informacion.xyz\/index.php?rest_route=%2Fwp%2Fv2%2Fmedia&parent=8185"}],"wp:term":[{"taxonomy":"category","embeddable":true,"href":"https:\/\/rr.unv-informacion.xyz\/index.php?rest_route=%2Fwp%2Fv2%2Fcategories&post=8185"},{"taxonomy":"post_tag","embeddable":true,"href":"https:\/\/rr.unv-informacion.xyz\/index.php?rest_route=%2Fwp%2Fv2%2Ftags&post=8185"}],"curies":[{"name":"wp","href":"https:\/\/api.w.org\/{rel}","templated":true}]}}