{"id":8191,"date":"2025-04-03T18:18:00","date_gmt":"2025-04-03T18:18:00","guid":{"rendered":"https:\/\/rr.unv-informacion.xyz\/?p=8191"},"modified":"2025-04-03T18:18:00","modified_gmt":"2025-04-03T18:18:00","slug":"nino-de-3-anos-desaparecido-en-manabao-sigue-sin-ser-hallado","status":"publish","type":"post","link":"https:\/\/rr.unv-informacion.xyz\/?p=8191","title":{"rendered":"Ni\u00f1o de 3 a\u00f1os desaparecido en Manabao sigue sin ser hallado"},"content":{"rendered":"\n<p class=\"wp-block-paragraph\">La Polic\u00eda y el Ministerio P\u00fablico investigan la desaparici\u00f3n de Roldany Calder\u00f3n en Manabao, mientras su familia clama por respuestas y ayuda en su b\u00fasqueda.<\/p>\n\n\n\n<p class=\"wp-block-paragraph\">El Ministerio P\u00fablico, junto con agentes de la Polic\u00eda Nacional, ha interrogado varias veces a los padres de Roldany Calder\u00f3n, un ni\u00f1o de tres a\u00f1os que desapareci\u00f3 el domingo 30 de marzo en Manabao, Jarabacoa, provincia La Vega.<\/p>\n\n\n\n<p class=\"wp-block-paragraph\">Francia Trinidad, t\u00eda del peque\u00f1o, explic\u00f3 que en el momento de su desaparici\u00f3n hab\u00eda al menos 13 personas cerca de \u00e9l. El ni\u00f1o fue visto por \u00faltima vez jugando con una botella de pl\u00e1stico en el patio de una casa ubicada cerca del Parque Nacional Armando Berm\u00fadez, una extensa \u00e1rea natural que abarca m\u00e1s de 700 kil\u00f3metros cuadrados.<\/p>\n\n\n\n<p class=\"wp-block-paragraph\">\u201cTodos estaban afuera en el patio, ellos estaban comiendo\u201d, coment\u00f3 Trinidad a medios locales. La situaci\u00f3n ha afectado gravemente a la madre del menor, quien ha requerido asistencia m\u00e9dica en una cl\u00ednica en dos ocasiones debido a crisis emocionales causadas por la angustia de no saber d\u00f3nde est\u00e1 su hijo.<\/p>\n\n\n\n<p class=\"wp-block-paragraph\">\u00bfUstedes saben si tienen alg\u00fan tipo de enemigos o alguien con esa malicia? \u00abEllos dicen que no\u00bb, respondi\u00f3 la t\u00eda del peque\u00f1o.<\/p>\n\n\n\n<p class=\"wp-block-paragraph\">Hay rumores de una supuesta deuda de los padres. \u00bfQu\u00e9 sabe usted de eso? A lo cual la mujer respondi\u00f3 que no. Tambi\u00e9n dijo desconocer si se trat\u00f3 de un secuestro.<\/p>\n\n\n\n<p class=\"wp-block-paragraph\">Cuando le preguntaron sobre cu\u00e1ntas personas estaban cerca del ni\u00f1o compartiendo, la f\u00e9mina respondi\u00f3 \u00abM\u00e1s o menos como 13\u00bb, agreg\u00f3.<\/p>\n\n\n\n<p class=\"wp-block-paragraph\">El peri\u00f3dico Hoy intent\u00f3 obtener declaraciones de Olga Din\u00e1, titular de la Direcci\u00f3n Nacional de Ni\u00f1os, Ni\u00f1as, Adolescentes y Familia de la Procuradur\u00eda General de la Rep\u00fablica, y de Diego Pesqueira, vocero de la Polic\u00eda Nacional, para conocer actualizaciones sobre la investigaci\u00f3n. Sin embargo, no fue posible contactarlos.<\/p>\n\n\n\n<p class=\"wp-block-paragraph\">Por su parte, Pesqueira exhort\u00f3 a los periodistas, especialmente a los que informan desde esa localidad, a seguir obteniendo informaci\u00f3n directamente de las instituciones oficiales que trabajan en el caso. Destac\u00f3 que estas entidades est\u00e1n realizando labores de b\u00fasqueda y an\u00e1lisis en el terreno con equipos especializados.<\/p>\n\n\n\n<p class=\"wp-block-paragraph\">En ese sentido, confirm\u00f3 que el Ej\u00e9rcito, el Ministerio P\u00fablico, la Direcci\u00f3n de Investigaciones Criminales (Dicrim) de la Polic\u00eda Nacional, el Sistema Nacional de Emergencias 9-1-1, la Defensa Civil y otros organismos han desplegado operativos en Manabao.<\/p>\n\n\n\n<p class=\"wp-block-paragraph\">Utilizan drones, equipos avanzados y perros entrenados para rastrear cualquier pista que pueda llevar al paradero de Roldany.<\/p>\n\n\n\n<p class=\"wp-block-paragraph\">La desaparici\u00f3n del ni\u00f1o ha generado una gran conmoci\u00f3n y se suma a otro caso similar en la zona. El 22 de diciembre de 2024, Jos\u00e9 Dolores Rodr\u00edguez, un anciano de 93 a\u00f1os conocido como \u201cEl Viejo Lolo\u201d, tambi\u00e9n desapareci\u00f3 sin dejar rastro. La coincidencia ha dado pie a numerosas teor\u00edas y especulaciones en redes sociales y programas de an\u00e1lisis.<\/p>\n\n\n\n<p class=\"wp-block-paragraph\">Las autoridades contin\u00faan con la investigaci\u00f3n, mientras la familia de Roldany mantiene la esperanza de encontrarlo sano y salvo.<\/p>\n\n\n<iframe loading=\"lazy\" src=\"https:\/\/www.facebook.com\/plugins\/video.php?href=https%3A%2F%2Fwww.facebook.com%2Fautomovilesrd%2Fvideos%2F1153023029938016%2F%3Fref%3Dembed_video&#038;show_text=0&#038;width=560\" width=\"560\" height=\"315\" style=\"border:none;overflow:hidden\" scrolling=\"no\" frameborder=\"0\" allowfullscreen=\"true\" allow=\"autoplay; clipboard-write; encrypted-media; picture-in-picture; web-share\" allowFullScreen=\"true\"><\/iframe>\n\n<iframe loading=\"lazy\" src=\"https:\/\/www.facebook.com\/plugins\/video.php?href=https%3A%2F%2Fwww.facebook.com%2FperiodicohoyRD%2Fvideos%2F1182193966783405%2F%3Fref%3Dembed_video&#038;show_text=0&#038;width=267\" width=\"267\" height=\"476\" style=\"border:none;overflow:hidden\" scrolling=\"no\" frameborder=\"0\" allowfullscreen=\"true\" allow=\"autoplay; clipboard-write; encrypted-media; picture-in-picture; web-share\" allowFullScreen=\"true\"><\/iframe>","protected":false},"excerpt":{"rendered":"<p>La Polic\u00eda y el Ministerio P\u00fablico investigan la desaparici\u00f3n de Roldany Calder\u00f3n en Manabao, mientras su familia clama por respuestas y ayuda en su b\u00fasqueda. El Ministerio P\u00fablico, junto con agentes de la Polic\u00eda Nacional, ha interrogado varias veces a los padres de Roldany Calder\u00f3n, un ni\u00f1o de tres a\u00f1os que desapareci\u00f3 el domingo 30 [&hellip;]<\/p>\n","protected":false},"author":1,"featured_media":8192,"comment_status":"open","ping_status":"open","sticky":false,"template":"","format":"standard","meta":{"footnotes":""},"categories":[1],"tags":[],"class_list":["post-8191","post","type-post","status-publish","format-standard","has-post-thumbnail","hentry","category-uncategorized"],"_links":{"self":[{"href":"https:\/\/rr.unv-informacion.xyz\/index.php?rest_route=\/wp\/v2\/posts\/8191","targetHints":{"allow":["GET"]}}],"collection":[{"href":"https:\/\/rr.unv-informacion.xyz\/index.php?rest_route=\/wp\/v2\/posts"}],"about":[{"href":"https:\/\/rr.unv-informacion.xyz\/index.php?rest_route=\/wp\/v2\/types\/post"}],"author":[{"embeddable":true,"href":"https:\/\/rr.unv-informacion.xyz\/index.php?rest_route=\/wp\/v2\/users\/1"}],"replies":[{"embeddable":true,"href":"https:\/\/rr.unv-informacion.xyz\/index.php?rest_route=%2Fwp%2Fv2%2Fcomments&post=8191"}],"version-history":[{"count":1,"href":"https:\/\/rr.unv-informacion.xyz\/index.php?rest_route=\/wp\/v2\/posts\/8191\/revisions"}],"predecessor-version":[{"id":8193,"href":"https:\/\/rr.unv-informacion.xyz\/index.php?rest_route=\/wp\/v2\/posts\/8191\/revisions\/8193"}],"wp:featuredmedia":[{"embeddable":true,"href":"https:\/\/rr.unv-informacion.xyz\/index.php?rest_route=\/wp\/v2\/media\/8192"}],"wp:attachment":[{"href":"https:\/\/rr.unv-informacion.xyz\/index.php?rest_route=%2Fwp%2Fv2%2Fmedia&parent=8191"}],"wp:term":[{"taxonomy":"category","embeddable":true,"href":"https:\/\/rr.unv-informacion.xyz\/index.php?rest_route=%2Fwp%2Fv2%2Fcategories&post=8191"},{"taxonomy":"post_tag","embeddable":true,"href":"https:\/\/rr.unv-informacion.xyz\/index.php?rest_route=%2Fwp%2Fv2%2Ftags&post=8191"}],"curies":[{"name":"wp","href":"https:\/\/api.w.org\/{rel}","templated":true}]}}