{"id":8200,"date":"2025-04-03T18:26:09","date_gmt":"2025-04-03T18:26:09","guid":{"rendered":"https:\/\/rr.unv-informacion.xyz\/?p=8200"},"modified":"2025-04-03T18:26:09","modified_gmt":"2025-04-03T18:26:09","slug":"siguen-investigando-caso-de-roldany-calderon-y-youtuber-revela-posible-secuestro","status":"publish","type":"post","link":"https:\/\/rr.unv-informacion.xyz\/?p=8200","title":{"rendered":"Siguen investigando caso de Roldany Calder\u00f3n y youtuber revela posible secuestro"},"content":{"rendered":"\n<p class=\"wp-block-paragraph\">Relatos sobre ni\u00f1os desaparecidos y figuras enigm\u00e1ticas en Monabao, Jarabacoa, han causado preocupaci\u00f3n entre los residentes y las autoridades.<\/p>\n\n\n\n<p class=\"wp-block-paragraph\">En las monta\u00f1as de Monabao, en Jarabacoa, provincia La Vega, persisten relatos transmitidos de generaci\u00f3n en generaci\u00f3n sobre presuntas desapariciones de ni\u00f1os, atribuidas a enigm\u00e1ticas figuras conocidas como \u201clos indios\u201d. Seg\u00fan los lugare\u00f1os, estas figuras a\u00fan deambulan por los parajes rurales de la zona.<\/p>\n\n\n\n<p class=\"wp-block-paragraph\">Uno de los testimonios m\u00e1s recientes proviene de un joven youtuber, Anyer C\u00e9spedes, alias \u00abF\u00e9nix\u00bb, quien comparti\u00f3 informaci\u00f3n recibida en la comunidad. \u00abEn un motor CG. Esa informaci\u00f3n nos la dieron aqu\u00ed en la comunidad, espec\u00edficamente un se\u00f1or que trabaja ah\u00ed en el parque\u00bb.<\/p>\n\n\n\n<p class=\"wp-block-paragraph\">\u00abIba con un tipo indio, un ni\u00f1o blanco, pelo crespo, como de tres a\u00f1os, con un poloche azul. Esa fue la informaci\u00f3n que me dieron aqu\u00ed\u00bb, declar\u00f3 C\u00e9spedes.<\/p>\n\n\n\n<p class=\"wp-block-paragraph\">La inquietud en la zona ha aumentado tras la desaparici\u00f3n del peque\u00f1o Roldany Calder\u00f3n, de tres a\u00f1os, ocurrida el domingo 30 de marzo en Manabao. Desde entonces, el Ministerio P\u00fablico y la Polic\u00eda Nacional han interrogado en varias ocasiones a los padres del menor en un intento por esclarecer el caso.<\/p>\n\n\n\n<p class=\"wp-block-paragraph\">El peri\u00f3dico Hoy intent\u00f3 contactar a Olga Din\u00e1, titular de la Direcci\u00f3n Nacional de Ni\u00f1os, Ni\u00f1as, Adolescentes y Familia de la Procuradur\u00eda General de la Rep\u00fablica, y a Diego Pesqueira, vocero de la Polic\u00eda Nacional, sin obtener respuesta.<\/p>\n\n\n\n<p class=\"wp-block-paragraph\">Por su parte, Pesqueira exhort\u00f3 a los periodistas a obtener informaci\u00f3n directamente de las instituciones oficiales encargadas del caso. Asegur\u00f3 que el Ej\u00e9rcito, el Ministerio P\u00fablico, la Direcci\u00f3n de Investigaciones Criminales (Dicrim), el Sistema Nacional de Emergencias 9-1-1 y la Defensa Civil han desplegado operativos en Manabao con drones, equipos avanzados y perros entrenados para rastrear cualquier pista sobre el paradero de Roldany.<\/p>\n\n\n\n<p class=\"wp-block-paragraph\">El caso ha generado conmoci\u00f3n, especialmente porque se suma a la desaparici\u00f3n de Jos\u00e9 Dolores Rodr\u00edguez, conocido como \u201cEl Viejo Lolo\u201d, un anciano de 93 a\u00f1os que desapareci\u00f3 el 22 de diciembre de 2024 sin dejar rastro.<\/p>\n\n\n\n<p class=\"wp-block-paragraph\">La coincidencia ha dado lugar a diversas especulaciones y teor\u00edas en redes sociales y programas de an\u00e1lisis.<\/p>\n\n\n\n<p class=\"wp-block-paragraph\">Uno de los vecinos m\u00e1s conocidos por compartir estos relatos es Lolo, quien ha contado historias que han marcado a la comunidad. \u201cS\u00ed, porque ellos se llevaron un muchacho de ah\u00ed abajo, de los Yemanabau\u201d, afirm\u00f3, refiri\u00e9ndose a un episodio en el que una mujer, identificada solo como \u00abla India\u00bb, habr\u00eda pedido a un hombre que le entregara un ni\u00f1o \u00abinocente, criado\u00bb.<\/p>\n\n\n\n<p class=\"wp-block-paragraph\">Seg\u00fan estos relatos, el hecho habr\u00eda ocurrido en una extensa finca ganadera entre Abreu y los montes de Arroyo Fr\u00edo, un territorio donde pastaban vacas bravas y que conectaba varias comunidades.<\/p>\n\n\n\n<p class=\"wp-block-paragraph\">Mientras tanto, la familia de Roldany mantiene la esperanza de encontrarlo sano y salvo, y las autoridades contin\u00faan con la investigaci\u00f3n en un intento por esclarecer estos misteriosos casos.<\/p>\n\n\n\n<figure class=\"wp-block-embed is-type-video is-provider-youtube wp-block-embed-youtube wp-embed-aspect-16-9 wp-has-aspect-ratio\"><div class=\"wp-block-embed__wrapper\">\n<iframe loading=\"lazy\" title=\"Emisi\u00f3n Estelar #NoticiasRNN 02\/04\/2025\" width=\"640\" height=\"360\" src=\"https:\/\/www.youtube.com\/embed\/zV9jbcffvUA?feature=oembed\" frameborder=\"0\" allow=\"accelerometer; autoplay; clipboard-write; encrypted-media; gyroscope; picture-in-picture; web-share\" referrerpolicy=\"strict-origin-when-cross-origin\" allowfullscreen><\/iframe>\n<\/div><\/figure>\n","protected":false},"excerpt":{"rendered":"<p>Relatos sobre ni\u00f1os desaparecidos y figuras enigm\u00e1ticas en Monabao, Jarabacoa, han causado preocupaci\u00f3n entre los residentes y las autoridades. En las monta\u00f1as de Monabao, en Jarabacoa, provincia La Vega, persisten relatos transmitidos de generaci\u00f3n en generaci\u00f3n sobre presuntas desapariciones de ni\u00f1os, atribuidas a enigm\u00e1ticas figuras conocidas como \u201clos indios\u201d. Seg\u00fan los lugare\u00f1os, estas figuras a\u00fan [&hellip;]<\/p>\n","protected":false},"author":1,"featured_media":8155,"comment_status":"open","ping_status":"open","sticky":false,"template":"","format":"standard","meta":{"footnotes":""},"categories":[1],"tags":[],"class_list":["post-8200","post","type-post","status-publish","format-standard","has-post-thumbnail","hentry","category-uncategorized"],"_links":{"self":[{"href":"https:\/\/rr.unv-informacion.xyz\/index.php?rest_route=\/wp\/v2\/posts\/8200","targetHints":{"allow":["GET"]}}],"collection":[{"href":"https:\/\/rr.unv-informacion.xyz\/index.php?rest_route=\/wp\/v2\/posts"}],"about":[{"href":"https:\/\/rr.unv-informacion.xyz\/index.php?rest_route=\/wp\/v2\/types\/post"}],"author":[{"embeddable":true,"href":"https:\/\/rr.unv-informacion.xyz\/index.php?rest_route=\/wp\/v2\/users\/1"}],"replies":[{"embeddable":true,"href":"https:\/\/rr.unv-informacion.xyz\/index.php?rest_route=%2Fwp%2Fv2%2Fcomments&post=8200"}],"version-history":[{"count":1,"href":"https:\/\/rr.unv-informacion.xyz\/index.php?rest_route=\/wp\/v2\/posts\/8200\/revisions"}],"predecessor-version":[{"id":8202,"href":"https:\/\/rr.unv-informacion.xyz\/index.php?rest_route=\/wp\/v2\/posts\/8200\/revisions\/8202"}],"wp:featuredmedia":[{"embeddable":true,"href":"https:\/\/rr.unv-informacion.xyz\/index.php?rest_route=\/wp\/v2\/media\/8155"}],"wp:attachment":[{"href":"https:\/\/rr.unv-informacion.xyz\/index.php?rest_route=%2Fwp%2Fv2%2Fmedia&parent=8200"}],"wp:term":[{"taxonomy":"category","embeddable":true,"href":"https:\/\/rr.unv-informacion.xyz\/index.php?rest_route=%2Fwp%2Fv2%2Fcategories&post=8200"},{"taxonomy":"post_tag","embeddable":true,"href":"https:\/\/rr.unv-informacion.xyz\/index.php?rest_route=%2Fwp%2Fv2%2Ftags&post=8200"}],"curies":[{"name":"wp","href":"https:\/\/api.w.org\/{rel}","templated":true}]}}