{"id":8204,"date":"2025-04-04T16:09:26","date_gmt":"2025-04-04T16:09:26","guid":{"rendered":"https:\/\/rr.unv-informacion.xyz\/?p=8204"},"modified":"2025-04-04T16:09:27","modified_gmt":"2025-04-04T16:09:27","slug":"continua-la-busqueda-de-roldany-calderon-entre-incertidumbre-y-nuevas-pistas","status":"publish","type":"post","link":"https:\/\/rr.unv-informacion.xyz\/?p=8204","title":{"rendered":"Contin\u00faa la b\u00fasqueda de Roldany Calder\u00f3n entre incertidumbre y nuevas pistas"},"content":{"rendered":"\n<p class=\"wp-block-paragraph\">La desaparici\u00f3n de Roldany Calder\u00f3n sigue sin resolverse, mientras se investigan avistamientos en Puerto Plata y se refuerzan los esfuerzos de b\u00fasqueda.<\/p>\n\n\n\n<p class=\"wp-block-paragraph\">La desaparici\u00f3n del peque\u00f1o Roldany Calder\u00f3n ha generado una gran incertidumbre en el pa\u00eds, movilizando tanto a las autoridades como a los medios de comunicaci\u00f3n en un intento por encontrar respuestas.<\/p>\n\n\n\n<p class=\"wp-block-paragraph\">En medio de m\u00faltiples versiones sin confirmar, el equipo del programa radial \u201cEsto No Es Radio\u201d abord\u00f3 el caso desde un enfoque humano y cr\u00edtico.<\/p>\n\n\n\n<p class=\"wp-block-paragraph\">Uno de los panelistas del programa, el comunicador y abogado Mart\u00ednez Brito, hizo un llamado de atenci\u00f3n sobre una pista recibida recientemente: testigos aseguran haber visto al ni\u00f1o en Puerto Plata, en compa\u00f1\u00eda de una mujer adulta de cabello te\u00f1ido de rubio y con rasgos dominicanos.<\/p>\n\n\n\n<p class=\"wp-block-paragraph\">Aunque no existen im\u00e1genes claras que confirmen esta versi\u00f3n, los testimonios coinciden en que el ni\u00f1o parec\u00eda interactuar con la mujer de manera natural, lo que ha generado inquietud entre los investigadores.<\/p>\n\n\n\n<p class=\"wp-block-paragraph\">\u00abAyer recibimos muchas informaciones, llamadas de personas que dicen haber visto a Roldany en una parada de autobuses en Puerto Plata, supuestamente, de una guagua que ven\u00eda de La Vega hacia Puerto Plata, aunque nadie ha podido mostrar una fotograf\u00eda que ciertamente pueda establecer que era Roldany\u00bb, dijo.<\/p>\n\n\n\n<p class=\"wp-block-paragraph\">\u00abS\u00ed se ha establecido en m\u00faltiples ocasiones que el peque\u00f1o parec\u00eda andar con una persona que \u00e9l conoc\u00eda y que puede ser un familiar. Todos coinciden en una se\u00f1ora de edad avanzada, como una abuela, con el pelo rubio (con un tinte), blanca, y con facciones dominicanas\u00bb, agreg\u00f3 Mart\u00ednez Brito.<\/p>\n\n\n\n<p class=\"wp-block-paragraph\">Expertos consultados en el programa descartaron la posibilidad de que la mujer sea un familiar del menor. Explicaron que, a su corta edad, un ni\u00f1o extraviado puede confiar f\u00e1cilmente en cualquier adulto que le brinde seguridad o alimento, lo que complica a\u00fan m\u00e1s la situaci\u00f3n.<\/p>\n\n\n\n<p class=\"wp-block-paragraph\">Durante la transmisi\u00f3n, el equipo destac\u00f3 la importancia de la colaboraci\u00f3n entre los ciudadanos y las autoridades para verificar las im\u00e1genes de c\u00e1maras de seguridad en paradas de transporte. Tambi\u00e9n resaltaron que un ni\u00f1o extraviado no siempre muestra signos evidentes de angustia, lo que puede hacer que pase desapercibido en lugares p\u00fablicos.<\/p>\n\n\n\n<p class=\"wp-block-paragraph\">Otro punto clave del debate fue la falta de im\u00e1genes n\u00edtidas del rostro de Roldany en la difusi\u00f3n p\u00fablica, lo que limita las posibilidades de que la poblaci\u00f3n pueda identificarlo. Los comunicadores se\u00f1alaron que hasta el momento solo se ha compartido una fotograf\u00eda de baja calidad y a distancia, lo que consideran una grave falla en la estrategia de b\u00fasqueda.<\/p>\n\n\n\n<p class=\"wp-block-paragraph\">Por otro lado, se reconoci\u00f3 el uso de tecnolog\u00eda avanzada, como drones t\u00e9rmicos del sistema 911, para rastrear posibles ubicaciones del ni\u00f1o. Sin embargo, los panelistas criticaron que el enfoque medi\u00e1tico se haya centrado m\u00e1s en mostrar los esfuerzos institucionales que en promover la identificaci\u00f3n del menor. \u201cLa gente quiere ver la cara del ni\u00f1o, no los drones\u201d, expres\u00f3 uno de los comentaristas.<\/p>\n\n\n\n<p class=\"wp-block-paragraph\">Ante la posibilidad de que Roldany haya sido desplazado a una zona lejana, los especialistas sugieren ampliar el radio de b\u00fasqueda. \u201cDespu\u00e9s de cuatro d\u00edas, puede estar en cualquier lugar y bajo cualquier condici\u00f3n\u201d, advirtieron, subrayando la urgencia del caso.<\/p>\n\n\n\n<p class=\"wp-block-paragraph\">En un esfuerzo por incentivar la colaboraci\u00f3n ciudadana, Alofoke Media Group anunci\u00f3 una recompensa de RD$100,000 para quien aporte informaci\u00f3n verificada sobre el paradero del ni\u00f1o. Otros l\u00edderes locales tambi\u00e9n han sumado recompensas para motivar la b\u00fasqueda activa.<\/p>\n\n\n\n<p class=\"wp-block-paragraph\">Mientras la angustia crece en la comunidad, el llamado sigue siendo el mismo: una mayor coordinaci\u00f3n entre las autoridades, los medios y la ciudadan\u00eda para encontrar a Roldany cuanto antes.<\/p>\n\n\n\n<p class=\"wp-block-paragraph\">La clave est\u00e1 en visibilizar su rostro, difundir sus caracter\u00edsticas y prestar atenci\u00f3n a cualquier detalle que pueda llevar a su ubicaci\u00f3n.<\/p>\n\n\n\n<figure class=\"wp-block-embed is-type-video is-provider-youtube wp-block-embed-youtube wp-embed-aspect-16-9 wp-has-aspect-ratio\"><div class=\"wp-block-embed__wrapper\">\n<iframe loading=\"lazy\" title=\"CASO ROLDANY CALDER\u00d3N DA GIRO ATERRADOR TRAS SER VISTO EN PUERTO PLATA SEG\u00daN VERSIONES\" width=\"640\" height=\"360\" src=\"https:\/\/www.youtube.com\/embed\/ukJLF_fr4BE?feature=oembed\" frameborder=\"0\" allow=\"accelerometer; autoplay; clipboard-write; encrypted-media; gyroscope; picture-in-picture; web-share\" referrerpolicy=\"strict-origin-when-cross-origin\" allowfullscreen><\/iframe>\n<\/div><\/figure>\n","protected":false},"excerpt":{"rendered":"<p>La desaparici\u00f3n de Roldany Calder\u00f3n sigue sin resolverse, mientras se investigan avistamientos en Puerto Plata y se refuerzan los esfuerzos de b\u00fasqueda. La desaparici\u00f3n del peque\u00f1o Roldany Calder\u00f3n ha generado una gran incertidumbre en el pa\u00eds, movilizando tanto a las autoridades como a los medios de comunicaci\u00f3n en un intento por encontrar respuestas. En medio [&hellip;]<\/p>\n","protected":false},"author":1,"featured_media":8205,"comment_status":"open","ping_status":"open","sticky":false,"template":"","format":"standard","meta":{"footnotes":""},"categories":[1],"tags":[],"class_list":["post-8204","post","type-post","status-publish","format-standard","has-post-thumbnail","hentry","category-uncategorized"],"_links":{"self":[{"href":"https:\/\/rr.unv-informacion.xyz\/index.php?rest_route=\/wp\/v2\/posts\/8204","targetHints":{"allow":["GET"]}}],"collection":[{"href":"https:\/\/rr.unv-informacion.xyz\/index.php?rest_route=\/wp\/v2\/posts"}],"about":[{"href":"https:\/\/rr.unv-informacion.xyz\/index.php?rest_route=\/wp\/v2\/types\/post"}],"author":[{"embeddable":true,"href":"https:\/\/rr.unv-informacion.xyz\/index.php?rest_route=\/wp\/v2\/users\/1"}],"replies":[{"embeddable":true,"href":"https:\/\/rr.unv-informacion.xyz\/index.php?rest_route=%2Fwp%2Fv2%2Fcomments&post=8204"}],"version-history":[{"count":1,"href":"https:\/\/rr.unv-informacion.xyz\/index.php?rest_route=\/wp\/v2\/posts\/8204\/revisions"}],"predecessor-version":[{"id":8206,"href":"https:\/\/rr.unv-informacion.xyz\/index.php?rest_route=\/wp\/v2\/posts\/8204\/revisions\/8206"}],"wp:featuredmedia":[{"embeddable":true,"href":"https:\/\/rr.unv-informacion.xyz\/index.php?rest_route=\/wp\/v2\/media\/8205"}],"wp:attachment":[{"href":"https:\/\/rr.unv-informacion.xyz\/index.php?rest_route=%2Fwp%2Fv2%2Fmedia&parent=8204"}],"wp:term":[{"taxonomy":"category","embeddable":true,"href":"https:\/\/rr.unv-informacion.xyz\/index.php?rest_route=%2Fwp%2Fv2%2Fcategories&post=8204"},{"taxonomy":"post_tag","embeddable":true,"href":"https:\/\/rr.unv-informacion.xyz\/index.php?rest_route=%2Fwp%2Fv2%2Ftags&post=8204"}],"curies":[{"name":"wp","href":"https:\/\/api.w.org\/{rel}","templated":true}]}}