{"id":8210,"date":"2025-04-04T16:25:16","date_gmt":"2025-04-04T16:25:16","guid":{"rendered":"https:\/\/rr.unv-informacion.xyz\/?p=8210"},"modified":"2025-04-04T16:25:16","modified_gmt":"2025-04-04T16:25:16","slug":"misteriosas-desapariciones-preocupan-a-comunidad-de-manabao","status":"publish","type":"post","link":"https:\/\/rr.unv-informacion.xyz\/?p=8210","title":{"rendered":"Misteriosas desapariciones preocupan a comunidad de Manabao"},"content":{"rendered":"\n<p class=\"wp-block-paragraph\">Seis personas han desaparecido en Manabao sin dejar rastro. El padre Rogelio Cruz y la comunidad piden respuestas a las autoridades.<\/p>\n\n\n\n<p class=\"wp-block-paragraph\">El padre Rogelio Cruz ha expresado su gran preocupaci\u00f3n por la extra\u00f1a situaci\u00f3n que se vive en el distrito municipal de Manabao, en Jarabacoa, donde ya suman seis las desapariciones sin explicaci\u00f3n.<\/p>\n\n\n\n<p class=\"wp-block-paragraph\">Entre los desaparecidos se encuentra el conocido residente apodado \u00abViejo Lolo\u00bb, quien fue visto por \u00faltima vez recientemente.<\/p>\n\n\n\n<p class=\"wp-block-paragraph\">El sacerdote manifest\u00f3 sus dudas sobre lo que podr\u00eda estar ocurriendo en la zona. \u201cEsto es muy preocupante. No hay indicios de violencia ni rastros que sugieran que haya sido un acto delictivo\u201d, coment\u00f3. Tambi\u00e9n mencion\u00f3 la posibilidad de que el ni\u00f1o desaparecido recientemente pudiera haber fallecido ahogado, aunque no hay evidencia clara de ello.<\/p>\n\n\n\n<p class=\"wp-block-paragraph\">Las desapariciones han causado gran alarma entre los residentes de Manabao, quienes se sienten angustiados por la falta de respuestas. Muchos han expresado temor ante la incertidumbre de no saber qu\u00e9 est\u00e1 sucediendo y han solicitado que las autoridades investiguen a fondo para esclarecer estos casos.<\/p>\n\n\n\n<p class=\"wp-block-paragraph\">Ante la presi\u00f3n de la comunidad, las autoridades locales han anunciado que reforzar\u00e1n los operativos de b\u00fasqueda. Tambi\u00e9n han pedido a los habitantes que se mantengan atentos y colaboren con cualquier informaci\u00f3n que pueda ayudar a encontrar a los desaparecidos.<\/p>\n\n\n\n<p class=\"wp-block-paragraph\">Mientras tanto, el padre Rogelio Cruz y los residentes contin\u00faan exigiendo respuestas. La comunidad espera que con la intervenci\u00f3n de las autoridades se pueda descubrir qu\u00e9 est\u00e1 ocurriendo y dar tranquilidad a los familiares de las personas desaparecidas.<\/p>\n\n\n<iframe loading=\"lazy\" src=\"https:\/\/www.facebook.com\/plugins\/video.php?href=https%3A%2F%2Fwww.facebook.com%2Fjunior.sainthilaire.50%2Fvideos%2F652983424110300%2F%3Fref%3Dembed_video&#038;show_text=0&#038;width=560\" width=\"560\" height=\"287\" style=\"border:none;overflow:hidden\" scrolling=\"no\" frameborder=\"0\" allowfullscreen=\"true\" allow=\"autoplay; clipboard-write; encrypted-media; picture-in-picture; web-share\" allowFullScreen=\"true\"><\/iframe>","protected":false},"excerpt":{"rendered":"<p>Seis personas han desaparecido en Manabao sin dejar rastro. El padre Rogelio Cruz y la comunidad piden respuestas a las autoridades. El padre Rogelio Cruz ha expresado su gran preocupaci\u00f3n por la extra\u00f1a situaci\u00f3n que se vive en el distrito municipal de Manabao, en Jarabacoa, donde ya suman seis las desapariciones sin explicaci\u00f3n. Entre los [&hellip;]<\/p>\n","protected":false},"author":1,"featured_media":8211,"comment_status":"open","ping_status":"open","sticky":false,"template":"","format":"standard","meta":{"footnotes":""},"categories":[1],"tags":[],"class_list":["post-8210","post","type-post","status-publish","format-standard","has-post-thumbnail","hentry","category-uncategorized"],"_links":{"self":[{"href":"https:\/\/rr.unv-informacion.xyz\/index.php?rest_route=\/wp\/v2\/posts\/8210","targetHints":{"allow":["GET"]}}],"collection":[{"href":"https:\/\/rr.unv-informacion.xyz\/index.php?rest_route=\/wp\/v2\/posts"}],"about":[{"href":"https:\/\/rr.unv-informacion.xyz\/index.php?rest_route=\/wp\/v2\/types\/post"}],"author":[{"embeddable":true,"href":"https:\/\/rr.unv-informacion.xyz\/index.php?rest_route=\/wp\/v2\/users\/1"}],"replies":[{"embeddable":true,"href":"https:\/\/rr.unv-informacion.xyz\/index.php?rest_route=%2Fwp%2Fv2%2Fcomments&post=8210"}],"version-history":[{"count":1,"href":"https:\/\/rr.unv-informacion.xyz\/index.php?rest_route=\/wp\/v2\/posts\/8210\/revisions"}],"predecessor-version":[{"id":8212,"href":"https:\/\/rr.unv-informacion.xyz\/index.php?rest_route=\/wp\/v2\/posts\/8210\/revisions\/8212"}],"wp:featuredmedia":[{"embeddable":true,"href":"https:\/\/rr.unv-informacion.xyz\/index.php?rest_route=\/wp\/v2\/media\/8211"}],"wp:attachment":[{"href":"https:\/\/rr.unv-informacion.xyz\/index.php?rest_route=%2Fwp%2Fv2%2Fmedia&parent=8210"}],"wp:term":[{"taxonomy":"category","embeddable":true,"href":"https:\/\/rr.unv-informacion.xyz\/index.php?rest_route=%2Fwp%2Fv2%2Fcategories&post=8210"},{"taxonomy":"post_tag","embeddable":true,"href":"https:\/\/rr.unv-informacion.xyz\/index.php?rest_route=%2Fwp%2Fv2%2Ftags&post=8210"}],"curies":[{"name":"wp","href":"https:\/\/api.w.org\/{rel}","templated":true}]}}