{"id":8213,"date":"2025-04-04T16:28:44","date_gmt":"2025-04-04T16:28:44","guid":{"rendered":"https:\/\/rr.unv-informacion.xyz\/?p=8213"},"modified":"2025-04-04T16:28:45","modified_gmt":"2025-04-04T16:28:45","slug":"capricornio-investiga-desaparicion-del-pequeno-roldany-en-manabao","status":"publish","type":"post","link":"https:\/\/rr.unv-informacion.xyz\/?p=8213","title":{"rendered":"Capricornio investiga desaparici\u00f3n del peque\u00f1o Roldany en Manabao"},"content":{"rendered":"\n<p class=\"wp-block-paragraph\">Manabao, Jarabacoa. La comunidad de Manabao, en la provincia de La Vega, enfrenta un creciente clima de incertidumbre y temor tras varios casos de desapariciones inexplicables. Aunque se rumorea que ya son siete las personas desaparecidas, la m\u00e1s reciente es la de un ni\u00f1o de tan solo tres a\u00f1os, cuyo paradero sigue siendo un enigma.<\/p>\n\n\n\n<p class=\"wp-block-paragraph\">Este hecho ha atra\u00eddo la atenci\u00f3n tanto de los residentes como de las autoridades, quienes luchan por esclarecer lo sucedido, pese a contar con recursos tecnol\u00f3gicos avanzados.<\/p>\n\n\n\n<p class=\"wp-block-paragraph\">Seg\u00fan el testimonio de la madre del peque\u00f1o Roldany Calder\u00f3n, la desaparici\u00f3n ocurri\u00f3 de manera repentina. Mientras su hijo jugaba con una ni\u00f1a en las afueras de su hogar, la madre y padre lo descuidaron por un breve momento.<\/p>\n\n\n\n<p class=\"wp-block-paragraph\">En ese instante, el ni\u00f1o desapareci\u00f3 sin dejar rastro. El caso ha generado gran preocupaci\u00f3n, pues se desconoce c\u00f3mo una persona tan peque\u00f1a puede desvanecerse en tan corto tiempo.<\/p>\n\n\n\n<p class=\"wp-block-paragraph\">Las autoridades locales, con el apoyo de unidades especializadas, han intensificado la b\u00fasqueda en las \u00e1reas circundantes, estableciendo per\u00edmetros y utilizando drones para abarcar el territorio. A pesar de los esfuerzos, las respuestas han sido escasas.<\/p>\n\n\n\n<p class=\"wp-block-paragraph\">A lo largo de los \u00faltimos d\u00edas, algunos residentes han se\u00f1alado que vieron a un hombre con el ni\u00f1o montado en una motocicleta, lo que ha abierto una nueva l\u00ednea de investigaci\u00f3n. Sin embargo, la falta de pruebas claras ha dejado a la comunidad en vilo.<\/p>\n\n\n\n<p class=\"wp-block-paragraph\">El portavoz de la Polic\u00eda Nacional, Diego Pesqueira, en declaraciones recientes, subray\u00f3 que las autoridades est\u00e1n comprometidas en esclarecer el caso. \u201cEstamos trabajando sin descanso. Hemos hecho un levantamiento de la escena y seguimos con las investigaciones. A\u00fan no podemos confirmar ninguna hip\u00f3tesis sobre manos criminales, pero seguimos adelante con el trabajo\u201d, coment\u00f3 Pesqueira.<\/p>\n\n\n\n<p class=\"wp-block-paragraph\">El vecindario est\u00e1 alarmado no solo por la desaparici\u00f3n del ni\u00f1o, sino tambi\u00e9n por el creciente n\u00famero de casos similares en la regi\u00f3n.<\/p>\n\n\n\n<p class=\"wp-block-paragraph\">\u00abCada cierto tiempo, desaparece alguien en esta zona. Es como si un fantasma los llevara\u00bb, coment\u00f3 un residente local, quien prefiri\u00f3 mantenerse en el anonimato. Seg\u00fan su relato, la sensaci\u00f3n de inseguridad se ha apoderado de la comunidad, lo que ha incrementado el temor entre los habitantes.<\/p>\n\n\n\n<p class=\"wp-block-paragraph\">Uno de los testimonios m\u00e1s impactantes proviene de un vecino que observ\u00f3 a un hombre con un ni\u00f1o en brazos mientras descend\u00eda de una monta\u00f1a en una motocicleta de alta velocidad.<\/p>\n\n\n\n<p class=\"wp-block-paragraph\">A pesar de que las autoridades contin\u00faan con las b\u00fasquedas y han solicitado colaboraci\u00f3n a nivel nacional, la comunidad a\u00fan se siente impotente ante la falta de avances concretos. El clima fr\u00edo y la dificultad de acceso a algunas \u00e1reas complican a\u00fan m\u00e1s las labores de rescate.<\/p>\n\n\n\n<p class=\"wp-block-paragraph\">Adem\u00e1s, algunos residentes temen que las desapariciones sean el resultado de acciones de personas con malas intenciones, aunque no hay pruebas que respalden esta teor\u00eda.<\/p>\n\n\n\n<p class=\"wp-block-paragraph\">Este incidente en Manabao no es un caso aislado, ya que varios testimonios apuntan a que, en los \u00faltimos meses, la zona ha sido escenario de al menos siete desapariciones. Entre las hip\u00f3tesis que surgen, algunos mencionan la posibilidad de actividades criminales relacionadas con el secuestro o el tr\u00e1fico de personas.<\/p>\n\n\n\n<p class=\"wp-block-paragraph\">Sin embargo, los expertos en la materia coinciden en que es prematuro hacer acusaciones sin pruebas claras. Mientras tanto, un experimentado rescatista que se ofreci\u00f3 como voluntario para colaborar en la b\u00fasqueda del ni\u00f1o desaparecido, ha se\u00f1alado que las autoridades deben redoblar sus esfuerzos en \u00e1reas espec\u00edficas, como r\u00edos y monta\u00f1as cercanas.<\/p>\n\n\n\n<p class=\"wp-block-paragraph\">Seg\u00fan su experiencia, los r\u00edos de la zona, aunque de baja profundidad, tienen una fuerte corriente que podr\u00eda dificultar la localizaci\u00f3n de la v\u00edctima si hubiera ca\u00eddo al agua.<\/p>\n\n\n\n<p class=\"wp-block-paragraph\">Por su parte, la familia del ni\u00f1o desaparecido sigue esperando respuestas. La desesperaci\u00f3n aumenta conforme pasan las horas, mientras las autoridades aseguran que no cesar\u00e1n en su labor hasta dar con el paradero del peque\u00f1o.<\/p>\n\n\n\n<p class=\"wp-block-paragraph\">Manabao contin\u00faa siendo el epicentro de una serie de desapariciones que desatan interrogantes sobre la seguridad en esta regi\u00f3n rural de la Rep\u00fablica Dominicana.<\/p>\n\n\n\n<p class=\"wp-block-paragraph\">La desaparici\u00f3n de este ni\u00f1o de tres a\u00f1os podr\u00eda ser una pieza clave en el esclarecimiento de los sucesos, pero a\u00fan queda mucho por investigar. Mientras tanto, las autoridades y los residentes siguen trabajando juntos, con la esperanza de que la verdad salga a la luz y el ni\u00f1o regrese a casa sano y salvo.<\/p>\n\n\n\n<figure class=\"wp-block-embed is-type-video is-provider-youtube wp-block-embed-youtube wp-embed-aspect-16-9 wp-has-aspect-ratio\"><div class=\"wp-block-embed__wrapper\">\n<iframe loading=\"lazy\" title=\"SE LLEVARON EL NI\u00d1O EN UN MOTOR | TESTIMONIO QUE PODR\u00cdA CAMBIAR TODO EN MANABAO\" width=\"640\" height=\"360\" src=\"https:\/\/www.youtube.com\/embed\/HGc30YW5NkA?feature=oembed\" frameborder=\"0\" allow=\"accelerometer; autoplay; clipboard-write; encrypted-media; gyroscope; picture-in-picture; web-share\" referrerpolicy=\"strict-origin-when-cross-origin\" allowfullscreen><\/iframe>\n<\/div><\/figure>\n","protected":false},"excerpt":{"rendered":"<p>Manabao, Jarabacoa. La comunidad de Manabao, en la provincia de La Vega, enfrenta un creciente clima de incertidumbre y temor tras varios casos de desapariciones inexplicables. Aunque se rumorea que ya son siete las personas desaparecidas, la m\u00e1s reciente es la de un ni\u00f1o de tan solo tres a\u00f1os, cuyo paradero sigue siendo un enigma. [&hellip;]<\/p>\n","protected":false},"author":1,"featured_media":8214,"comment_status":"open","ping_status":"open","sticky":false,"template":"","format":"standard","meta":{"footnotes":""},"categories":[1],"tags":[],"class_list":["post-8213","post","type-post","status-publish","format-standard","has-post-thumbnail","hentry","category-uncategorized"],"_links":{"self":[{"href":"https:\/\/rr.unv-informacion.xyz\/index.php?rest_route=\/wp\/v2\/posts\/8213","targetHints":{"allow":["GET"]}}],"collection":[{"href":"https:\/\/rr.unv-informacion.xyz\/index.php?rest_route=\/wp\/v2\/posts"}],"about":[{"href":"https:\/\/rr.unv-informacion.xyz\/index.php?rest_route=\/wp\/v2\/types\/post"}],"author":[{"embeddable":true,"href":"https:\/\/rr.unv-informacion.xyz\/index.php?rest_route=\/wp\/v2\/users\/1"}],"replies":[{"embeddable":true,"href":"https:\/\/rr.unv-informacion.xyz\/index.php?rest_route=%2Fwp%2Fv2%2Fcomments&post=8213"}],"version-history":[{"count":1,"href":"https:\/\/rr.unv-informacion.xyz\/index.php?rest_route=\/wp\/v2\/posts\/8213\/revisions"}],"predecessor-version":[{"id":8215,"href":"https:\/\/rr.unv-informacion.xyz\/index.php?rest_route=\/wp\/v2\/posts\/8213\/revisions\/8215"}],"wp:featuredmedia":[{"embeddable":true,"href":"https:\/\/rr.unv-informacion.xyz\/index.php?rest_route=\/wp\/v2\/media\/8214"}],"wp:attachment":[{"href":"https:\/\/rr.unv-informacion.xyz\/index.php?rest_route=%2Fwp%2Fv2%2Fmedia&parent=8213"}],"wp:term":[{"taxonomy":"category","embeddable":true,"href":"https:\/\/rr.unv-informacion.xyz\/index.php?rest_route=%2Fwp%2Fv2%2Fcategories&post=8213"},{"taxonomy":"post_tag","embeddable":true,"href":"https:\/\/rr.unv-informacion.xyz\/index.php?rest_route=%2Fwp%2Fv2%2Ftags&post=8213"}],"curies":[{"name":"wp","href":"https:\/\/api.w.org\/{rel}","templated":true}]}}