{"id":8216,"date":"2025-04-04T16:33:43","date_gmt":"2025-04-04T16:33:43","guid":{"rendered":"https:\/\/rr.unv-informacion.xyz\/?p=8216"},"modified":"2025-04-04T16:33:44","modified_gmt":"2025-04-04T16:33:44","slug":"empleado-es-despedido-de-hotel-en-bavaro-tras-viralizar-video-burlon-sobre-marcha-en-friusa","status":"publish","type":"post","link":"https:\/\/rr.unv-informacion.xyz\/?p=8216","title":{"rendered":"Empleado es despedido de hotel en B\u00e1varo tras viralizar video burl\u00f3n sobre marcha en Friusa"},"content":{"rendered":"\n<p class=\"wp-block-paragraph\">Jonathan Esterlin Valdez, conocido como \u00abLa Singa\u00bb, fue despedido del hotel Royalton de B\u00e1varo tras viralizar un video burl\u00e1ndose de una marcha en Punta Cana.<\/p>\n\n\n\n<p class=\"wp-block-paragraph\">B\u00e1varo, provincia La Altagracia.- Una broma que sali\u00f3 mal termin\u00f3 con la desvinculaci\u00f3n laboral de Jonathan Esterlin Valdez, conocido en redes sociales como \u00abLa Singa\u00bb, quien fue despedido del hotel Royalton de B\u00e1varo despu\u00e9s de que un video en el que se burlaba de los participantes de la marcha por la patria, realizada en el Hoyo de Friusa, Punta Cana, se hiciera viral.<\/p>\n\n\n\n<p class=\"wp-block-paragraph\">El video, que r\u00e1pidamente se comparti\u00f3 en redes sociales, caus\u00f3 un gran rechazo en la comunidad. En \u00e9l, Esterlin Valdez se muestra haciendo comentarios burlones hacia los dominicanos que participaron en la marcha, lo que gener\u00f3 una fuerte ola de reacciones negativas entre los usuarios de redes sociales y diversos sectores sociales de la regi\u00f3n Este del pa\u00eds.<\/p>\n\n\n\n<p class=\"wp-block-paragraph\">Ante la viralizaci\u00f3n del clip y la creciente presi\u00f3n social, la administraci\u00f3n del hotel Royalton decidi\u00f3 tomar cartas en el asunto y desvincul\u00f3 al joven de su puesto, argumentando que el contenido del video tuvo un impacto negativo en la imagen del hotel.<\/p>\n\n\n\n<p class=\"wp-block-paragraph\">La acci\u00f3n r\u00e1pida de la empresa se dio en respuesta a las exigencias de sanciones por parte de muchos ciudadanos, quienes consideraron que el video era ofensivo y provocador.<\/p>\n\n\n\n<p class=\"wp-block-paragraph\">En una declaraci\u00f3n posterior a los medios locales, Esterlin Valdez intent\u00f3 justificar su comportamiento, asegurando que su intenci\u00f3n nunca fue ofender a nadie y que simplemente se trat\u00f3 de un \u201crelajo del momento\u201d.<\/p>\n\n\n\n<p class=\"wp-block-paragraph\">Sin embargo, su explicaci\u00f3n no fue suficiente para calmar las cr\u00edticas, ya que la marcha, que hab\u00eda sido un acto de compromiso c\u00edvico de los residentes y activistas comunitarios, fue vista como un evento importante y de respeto, por lo que muchos consideraron que burlarse de ella era una falta de respeto al sentimiento colectivo.<\/p>\n\n\n\n<p class=\"wp-block-paragraph\">Este incidente ha puesto en evidencia c\u00f3mo las publicaciones en redes sociales pueden tener un impacto directo en la estabilidad laboral de las personas, especialmente cuando est\u00e1n asociadas a empresas de alto perfil tur\u00edstico como el hotel Royalton.<\/p>\n\n\n\n<p class=\"wp-block-paragraph\">Aunque la administraci\u00f3n del hotel no ofreci\u00f3 detalles adicionales sobre el proceso interno, s\u00ed confirm\u00f3 la desvinculaci\u00f3n de Esterlin Valdez de manera inmediata.<\/p>\n\n\n\n<p class=\"wp-block-paragraph\">El caso ha generado un amplio debate en las plataformas digitales, donde figuras p\u00fablicas y ciudadanos han reiterado la importancia del respeto mutuo, sobre todo en contextos de movilizaci\u00f3n social y expresi\u00f3n c\u00edvica.<\/p>\n\n\n<p><iframe loading=\"lazy\" src=\"https:\/\/www.facebook.com\/plugins\/video.php?href=https%3A%2F%2Fwww.facebook.com%2FBANLEOTV%2Fvideos%2F1658985541490164%2F%3Fref%3Dembed_video&#038;show_text=0&#038;width=267\" width=\"267\" height=\"476\" style=\"border:none;overflow:hidden\" scrolling=\"no\" frameborder=\"0\" allowfullscreen=\"true\" allow=\"autoplay; clipboard-write; encrypted-media; picture-in-picture; web-share\" allowFullScreen=\"true\"><\/iframe><\/p>\n\n\n<p class=\"wp-block-paragraph\"><\/p>\n","protected":false},"excerpt":{"rendered":"<p>Jonathan Esterlin Valdez, conocido como \u00abLa Singa\u00bb, fue despedido del hotel Royalton de B\u00e1varo tras viralizar un video burl\u00e1ndose de una marcha en Punta Cana. B\u00e1varo, provincia La Altagracia.- Una broma que sali\u00f3 mal termin\u00f3 con la desvinculaci\u00f3n laboral de Jonathan Esterlin Valdez, conocido en redes sociales como \u00abLa Singa\u00bb, quien fue despedido del hotel [&hellip;]<\/p>\n","protected":false},"author":1,"featured_media":8217,"comment_status":"open","ping_status":"open","sticky":false,"template":"","format":"standard","meta":{"footnotes":""},"categories":[1],"tags":[],"class_list":["post-8216","post","type-post","status-publish","format-standard","has-post-thumbnail","hentry","category-uncategorized"],"_links":{"self":[{"href":"https:\/\/rr.unv-informacion.xyz\/index.php?rest_route=\/wp\/v2\/posts\/8216","targetHints":{"allow":["GET"]}}],"collection":[{"href":"https:\/\/rr.unv-informacion.xyz\/index.php?rest_route=\/wp\/v2\/posts"}],"about":[{"href":"https:\/\/rr.unv-informacion.xyz\/index.php?rest_route=\/wp\/v2\/types\/post"}],"author":[{"embeddable":true,"href":"https:\/\/rr.unv-informacion.xyz\/index.php?rest_route=\/wp\/v2\/users\/1"}],"replies":[{"embeddable":true,"href":"https:\/\/rr.unv-informacion.xyz\/index.php?rest_route=%2Fwp%2Fv2%2Fcomments&post=8216"}],"version-history":[{"count":1,"href":"https:\/\/rr.unv-informacion.xyz\/index.php?rest_route=\/wp\/v2\/posts\/8216\/revisions"}],"predecessor-version":[{"id":8218,"href":"https:\/\/rr.unv-informacion.xyz\/index.php?rest_route=\/wp\/v2\/posts\/8216\/revisions\/8218"}],"wp:featuredmedia":[{"embeddable":true,"href":"https:\/\/rr.unv-informacion.xyz\/index.php?rest_route=\/wp\/v2\/media\/8217"}],"wp:attachment":[{"href":"https:\/\/rr.unv-informacion.xyz\/index.php?rest_route=%2Fwp%2Fv2%2Fmedia&parent=8216"}],"wp:term":[{"taxonomy":"category","embeddable":true,"href":"https:\/\/rr.unv-informacion.xyz\/index.php?rest_route=%2Fwp%2Fv2%2Fcategories&post=8216"},{"taxonomy":"post_tag","embeddable":true,"href":"https:\/\/rr.unv-informacion.xyz\/index.php?rest_route=%2Fwp%2Fv2%2Ftags&post=8216"}],"curies":[{"name":"wp","href":"https:\/\/api.w.org\/{rel}","templated":true}]}}