{"id":8219,"date":"2025-04-04T16:37:18","date_gmt":"2025-04-04T16:37:18","guid":{"rendered":"https:\/\/rr.unv-informacion.xyz\/?p=8219"},"modified":"2025-04-04T16:37:18","modified_gmt":"2025-04-04T16:37:18","slug":"policia-descarta-vinculo-de-mujer-con-nino-desaparecido-en-manabao","status":"publish","type":"post","link":"https:\/\/rr.unv-informacion.xyz\/?p=8219","title":{"rendered":"Polic\u00eda descarta v\u00ednculo de mujer con ni\u00f1o desaparecido en Manabao"},"content":{"rendered":"\n<p class=\"wp-block-paragraph\">Autoridades investigan la desaparici\u00f3n de Roldanis Calder\u00f3n Ure\u00f1a y descartan que una mujer vista con un ni\u00f1o en Puerto Plata tenga relaci\u00f3n con el caso.<\/p>\n\n\n\n<p class=\"wp-block-paragraph\">El vocero de la Polic\u00eda Nacional, Diego Pesqueira, respondi\u00f3 a una pregunta del comunicador Ruberto Ure\u00f1a sobre la posible detenci\u00f3n de una mujer en relaci\u00f3n con la desaparici\u00f3n de Roldanis Calder\u00f3n Ure\u00f1a, un ni\u00f1o de tres a\u00f1os reportado como desaparecido en Manabao.<\/p>\n\n\n\n<p class=\"wp-block-paragraph\">Pesqueira explic\u00f3 que se hab\u00eda difundido la imagen de una mujer cargando a un ni\u00f1o en una terminal de autobuses en Puerto Plata. \u201cEl caso al que usted hace referencia es una se\u00f1ora a quien se le han circulado fotos donde aparece con un ni\u00f1o en brazos en una terminal de autobuses de Puerto Plata\u201d, se\u00f1al\u00f3.<\/p>\n\n\n\n<p class=\"wp-block-paragraph\">El vocero aclar\u00f3 que \u201cciertamente la se\u00f1ora cargaba en brazos a un peque\u00f1ito con rasgos similares al ni\u00f1o que se encuentra desaparecido\u201d. Sin embargo, tras las investigaciones, la Polic\u00eda pudo descartar que se tratara de Roldanis Calder\u00f3n Ure\u00f1a.<\/p>\n\n\n\n<p class=\"wp-block-paragraph\">Las autoridades han reafirmado su compromiso de continuar con la b\u00fasqueda del menor y seguir cada pista que pueda ayudar a esclarecer el caso. \u201cEstamos llevando a cabo esta investigaci\u00f3n de manera transparente y sin dejar nada al azar\u201d, asegur\u00f3 Pesqueira.<\/p>\n\n\n\n<p class=\"wp-block-paragraph\">Mientras las investigaciones avanzan, la familia del ni\u00f1o y la comunidad siguen con la esperanza de encontrarlo sano y salvo. La Polic\u00eda hace un llamado a cualquier persona que pueda aportar informaci\u00f3n relevante a que se comunique con las autoridades.<\/p>\n\n\n\n<figure class=\"wp-block-embed is-type-video is-provider-youtube wp-block-embed-youtube wp-embed-aspect-16-9 wp-has-aspect-ratio\"><div class=\"wp-block-embed__wrapper\">\n<iframe loading=\"lazy\" title=\"Ampl\u00edan a zonas de monta\u00f1as b\u00fasqueda de menor\" width=\"640\" height=\"360\" src=\"https:\/\/www.youtube.com\/embed\/IqIeBsIoYF0?feature=oembed\" frameborder=\"0\" allow=\"accelerometer; autoplay; clipboard-write; encrypted-media; gyroscope; picture-in-picture; web-share\" referrerpolicy=\"strict-origin-when-cross-origin\" allowfullscreen><\/iframe>\n<\/div><\/figure>\n","protected":false},"excerpt":{"rendered":"<p>Autoridades investigan la desaparici\u00f3n de Roldanis Calder\u00f3n Ure\u00f1a y descartan que una mujer vista con un ni\u00f1o en Puerto Plata tenga relaci\u00f3n con el caso. El vocero de la Polic\u00eda Nacional, Diego Pesqueira, respondi\u00f3 a una pregunta del comunicador Ruberto Ure\u00f1a sobre la posible detenci\u00f3n de una mujer en relaci\u00f3n con la desaparici\u00f3n de Roldanis [&hellip;]<\/p>\n","protected":false},"author":1,"featured_media":8220,"comment_status":"open","ping_status":"open","sticky":false,"template":"","format":"standard","meta":{"footnotes":""},"categories":[1],"tags":[],"class_list":["post-8219","post","type-post","status-publish","format-standard","has-post-thumbnail","hentry","category-uncategorized"],"_links":{"self":[{"href":"https:\/\/rr.unv-informacion.xyz\/index.php?rest_route=\/wp\/v2\/posts\/8219","targetHints":{"allow":["GET"]}}],"collection":[{"href":"https:\/\/rr.unv-informacion.xyz\/index.php?rest_route=\/wp\/v2\/posts"}],"about":[{"href":"https:\/\/rr.unv-informacion.xyz\/index.php?rest_route=\/wp\/v2\/types\/post"}],"author":[{"embeddable":true,"href":"https:\/\/rr.unv-informacion.xyz\/index.php?rest_route=\/wp\/v2\/users\/1"}],"replies":[{"embeddable":true,"href":"https:\/\/rr.unv-informacion.xyz\/index.php?rest_route=%2Fwp%2Fv2%2Fcomments&post=8219"}],"version-history":[{"count":1,"href":"https:\/\/rr.unv-informacion.xyz\/index.php?rest_route=\/wp\/v2\/posts\/8219\/revisions"}],"predecessor-version":[{"id":8221,"href":"https:\/\/rr.unv-informacion.xyz\/index.php?rest_route=\/wp\/v2\/posts\/8219\/revisions\/8221"}],"wp:featuredmedia":[{"embeddable":true,"href":"https:\/\/rr.unv-informacion.xyz\/index.php?rest_route=\/wp\/v2\/media\/8220"}],"wp:attachment":[{"href":"https:\/\/rr.unv-informacion.xyz\/index.php?rest_route=%2Fwp%2Fv2%2Fmedia&parent=8219"}],"wp:term":[{"taxonomy":"category","embeddable":true,"href":"https:\/\/rr.unv-informacion.xyz\/index.php?rest_route=%2Fwp%2Fv2%2Fcategories&post=8219"},{"taxonomy":"post_tag","embeddable":true,"href":"https:\/\/rr.unv-informacion.xyz\/index.php?rest_route=%2Fwp%2Fv2%2Ftags&post=8219"}],"curies":[{"name":"wp","href":"https:\/\/api.w.org\/{rel}","templated":true}]}}