{"id":8223,"date":"2025-04-05T17:00:13","date_gmt":"2025-04-05T17:00:13","guid":{"rendered":"https:\/\/rr.unv-informacion.xyz\/?p=8223"},"modified":"2025-04-05T17:00:14","modified_gmt":"2025-04-05T17:00:14","slug":"esperanza-y-tension-en-jarabacoa-por-nino-desaparecido","status":"publish","type":"post","link":"https:\/\/rr.unv-informacion.xyz\/?p=8223","title":{"rendered":"Esperanza y tensi\u00f3n en Jarabacoa por ni\u00f1o desaparecido"},"content":{"rendered":"\n<p class=\"wp-block-paragraph\">Jarabacoa, La Vega \u2014 Una comunidad aferrada a la esperanza y un operativo que no descansa definen la intensa b\u00fasqueda de Roldany Calder\u00f3n, el ni\u00f1o de tres a\u00f1os cuya desaparici\u00f3n mantiene en vilo a Manabao desde el pasado 30 de marzo.<\/p>\n\n\n\n<p class=\"wp-block-paragraph\">Las monta\u00f1as de Jarabacoa han sido testigo del esfuerzo ininterrumpido de brigadas de rescate, fiscales, agentes del orden y perros entrenados, que se internan a diario entre laderas y matorrales en una carrera contra el tiempo. Cinco fiscales, unidades del 911, expertos caninos y los cazadores del Ej\u00e9rcito de Constanza integran el operativo, liderado por la Defensa Civil, que ha tomado el terreno con un despliegue sin precedentes.<\/p>\n\n\n\n<p class=\"wp-block-paragraph\">La zona donde fue visto por \u00faltima vez el ni\u00f1o ha sido dividida en cuadrantes, y cada rinc\u00f3n es inspeccionado con precisi\u00f3n t\u00e9cnica. Especialistas en planimetr\u00eda de la Polic\u00eda Nacional est\u00e1n levantando mapas detallados del terreno, cruzando vegetaci\u00f3n, caminos y se\u00f1ales geogr\u00e1ficas con el objetivo de no dejar una sola posibilidad al azar.<\/p>\n\n\n\n<p class=\"wp-block-paragraph\">En medio de este drama humano, una voz encendi\u00f3 la tensi\u00f3n. Durante una entrevista del comunicador conocido como Wiu Wiu, un joven, hijo de la due\u00f1a de la vivienda donde Roldany fue visto por \u00faltima vez, lanz\u00f3 declaraciones que han encendido nuevas interrogantes.<\/p>\n\n\n\n<p class=\"wp-block-paragraph\">Seg\u00fan sus palabras, \u201cel pap\u00e1 y la mam\u00e1 son los que saben de su desaparici\u00f3n\u201d, insinuando que el menor pudo haber sido llevado del lugar. Asegur\u00f3 tambi\u00e9n haber sido presionado f\u00edsicamente por las autoridades para obtener confesiones.<\/p>\n\n\n\n<p class=\"wp-block-paragraph\">Esta versi\u00f3n ha llamado la atenci\u00f3n de las autoridades, que, sin confirmar ninguna hip\u00f3tesis, mantienen abiertas todas las l\u00edneas de investigaci\u00f3n. Mientras tanto, el foco principal sigue siendo encontrar al menor, cuyo paradero a\u00fan permanece desconocido tras cinco d\u00edas de intensas labores de rastreo.<\/p>\n\n\n\n<p class=\"wp-block-paragraph\">La solidaridad de los habitantes de Manabao ha sido un pilar clave: han abierto sus hogares, cocinas y corazones para apoyar a los rescatistas y voluntarios que cada d\u00eda se suman a la b\u00fasqueda. Desde alimentos hasta hospedaje, el respaldo comunitario no ha disminuido, sosteniendo con fe los operativos.<\/p>\n\n\n\n<p class=\"wp-block-paragraph\">Un nuevo plan de acci\u00f3n se ha activado desde las primeras horas del d\u00eda anterior, ampliando el radio de b\u00fasqueda con la gu\u00eda de los perros rastreadores, que contin\u00faan trabajando sin cesar. Cada sonido en el bosque, cada olor en el aire, es evaluado con atenci\u00f3n por los equipos desplegados.<\/p>\n\n\n\n<p class=\"wp-block-paragraph\">A pesar del silencio oficial sobre avances concretos, la promesa de las autoridades es firme: no se detendr\u00e1n hasta agotar cada rinc\u00f3n, cada hip\u00f3tesis, cada oportunidad para traer de vuelta a Roldany Calder\u00f3n.<\/p>\n\n\n\n<p class=\"wp-block-paragraph\">Mientras el pa\u00eds observa, expectante y unido en una misma esperanza, la comunidad de Manabao sigue siendo el coraz\u00f3n de esta historia, aferrada a la fe de que este ni\u00f1o regrese pronto a casa, sano y salvo.<\/p>\n\n\n<iframe loading=\"lazy\" src=\"https:\/\/www.facebook.com\/plugins\/video.php?href=https%3A%2F%2Fwww.facebook.com%2Flavegamundial%2Fvideos%2F656833590438570%2F%3Fref%3Dembed_video&#038;show_text=0&#038;width=560\" width=\"560\" height=\"315\" style=\"border:none;overflow:hidden\" scrolling=\"no\" frameborder=\"0\" allowfullscreen=\"true\" allow=\"autoplay; clipboard-write; encrypted-media; picture-in-picture; web-share\" allowFullScreen=\"true\"><\/iframe>","protected":false},"excerpt":{"rendered":"<p>Jarabacoa, La Vega \u2014 Una comunidad aferrada a la esperanza y un operativo que no descansa definen la intensa b\u00fasqueda de Roldany Calder\u00f3n, el ni\u00f1o de tres a\u00f1os cuya desaparici\u00f3n mantiene en vilo a Manabao desde el pasado 30 de marzo. Las monta\u00f1as de Jarabacoa han sido testigo del esfuerzo ininterrumpido de brigadas de rescate, [&hellip;]<\/p>\n","protected":false},"author":1,"featured_media":8224,"comment_status":"open","ping_status":"open","sticky":false,"template":"","format":"standard","meta":{"footnotes":""},"categories":[1],"tags":[],"class_list":["post-8223","post","type-post","status-publish","format-standard","has-post-thumbnail","hentry","category-uncategorized"],"_links":{"self":[{"href":"https:\/\/rr.unv-informacion.xyz\/index.php?rest_route=\/wp\/v2\/posts\/8223","targetHints":{"allow":["GET"]}}],"collection":[{"href":"https:\/\/rr.unv-informacion.xyz\/index.php?rest_route=\/wp\/v2\/posts"}],"about":[{"href":"https:\/\/rr.unv-informacion.xyz\/index.php?rest_route=\/wp\/v2\/types\/post"}],"author":[{"embeddable":true,"href":"https:\/\/rr.unv-informacion.xyz\/index.php?rest_route=\/wp\/v2\/users\/1"}],"replies":[{"embeddable":true,"href":"https:\/\/rr.unv-informacion.xyz\/index.php?rest_route=%2Fwp%2Fv2%2Fcomments&post=8223"}],"version-history":[{"count":1,"href":"https:\/\/rr.unv-informacion.xyz\/index.php?rest_route=\/wp\/v2\/posts\/8223\/revisions"}],"predecessor-version":[{"id":8225,"href":"https:\/\/rr.unv-informacion.xyz\/index.php?rest_route=\/wp\/v2\/posts\/8223\/revisions\/8225"}],"wp:featuredmedia":[{"embeddable":true,"href":"https:\/\/rr.unv-informacion.xyz\/index.php?rest_route=\/wp\/v2\/media\/8224"}],"wp:attachment":[{"href":"https:\/\/rr.unv-informacion.xyz\/index.php?rest_route=%2Fwp%2Fv2%2Fmedia&parent=8223"}],"wp:term":[{"taxonomy":"category","embeddable":true,"href":"https:\/\/rr.unv-informacion.xyz\/index.php?rest_route=%2Fwp%2Fv2%2Fcategories&post=8223"},{"taxonomy":"post_tag","embeddable":true,"href":"https:\/\/rr.unv-informacion.xyz\/index.php?rest_route=%2Fwp%2Fv2%2Ftags&post=8223"}],"curies":[{"name":"wp","href":"https:\/\/api.w.org\/{rel}","templated":true}]}}