{"id":8226,"date":"2025-04-05T17:05:34","date_gmt":"2025-04-05T17:05:34","guid":{"rendered":"https:\/\/rr.unv-informacion.xyz\/?p=8226"},"modified":"2025-04-05T17:05:35","modified_gmt":"2025-04-05T17:05:35","slug":"pn-ofrece-nuevos-detalles-sobre-la-busqueda-de-roldany-calderon","status":"publish","type":"post","link":"https:\/\/rr.unv-informacion.xyz\/?p=8226","title":{"rendered":"PN ofrece nuevos detalles sobre la b\u00fasqueda de Roldany Calder\u00f3n"},"content":{"rendered":"\n<p class=\"wp-block-paragraph\">Contin\u00faa la b\u00fasqueda del ni\u00f1o Rordani Calder\u00f3n en Manabao, La Vega, con m\u00e1s de 100 personas participando en operativos por zonas rurales y monta\u00f1osas.<\/p>\n\n\n\n<p class=\"wp-block-paragraph\">Desde el pasado domingo 30 de marzo, la comunidad del distrito municipal de Manabao, en Jarabacoa, La Vega, sigue esperando noticias sobre Roldany Calder\u00f3n, un ni\u00f1o de tres a\u00f1os que fue reportado como desaparecido. La situaci\u00f3n ha causado gran preocupaci\u00f3n en toda la regi\u00f3n norte del pa\u00eds, donde autoridades, voluntarios y vecinos trabajan sin descanso para encontrarlo.<\/p>\n\n\n\n<p class=\"wp-block-paragraph\">El coronel Diego Pesqueira, vocero de la Polic\u00eda Nacional, inform\u00f3 este viernes que m\u00e1s de 100 personas participan en la b\u00fasqueda del menor. Estas labores est\u00e1n siendo coordinadas entre el Ministerio P\u00fablico, equipos de rescate y personas de la comunidad que se han unido al operativo de forma voluntaria. Seg\u00fan Pesqueira, \u201cno se ha detenido la b\u00fasqueda ni un solo d\u00eda\u201d.<\/p>\n\n\n\n<p class=\"wp-block-paragraph\">\u201cEn las pr\u00f3ximas horas estaremos dando detalles de c\u00f3mo continuar\u00e1 la b\u00fasqueda, porque los informes que tenemos es que en lo adelante se har\u00e1 de manera focalizada\u201c, finaliz\u00f3.<\/p>\n\n\n\n<p class=\"wp-block-paragraph\">En el operativo se est\u00e1n usando muchos recursos, tanto humanos como t\u00e9cnicos. Se han utilizado drones para sobrevolar la zona monta\u00f1osa, unidades caninas entrenadas para rastrear olores, y personal con experiencia en localizar personas desaparecidas. Estas personas est\u00e1n recorriendo caminos rurales, r\u00edos, veredas y \u00e1reas boscosas en busca de pistas.<\/p>\n\n\n\n<p class=\"wp-block-paragraph\">Durante las \u00faltimas 72 horas, las autoridades han reforzado los trabajos. Han ampliado el radio de b\u00fasqueda y ahora se concentran en lugares que han sido sugeridos por los vecinos, los familiares del ni\u00f1o y expertos en rastreo.<\/p>\n\n\n\n<p class=\"wp-block-paragraph\">Tambi\u00e9n se est\u00e1n haciendo m\u00e1s operativos de contacto con la comunidad, con el objetivo de conseguir nueva informaci\u00f3n que ayude en la investigaci\u00f3n.<\/p>\n\n\n\n<p class=\"wp-block-paragraph\">La Polic\u00eda Nacional ha creado un equipo especial para recibir datos de la poblaci\u00f3n de forma confidencial. Cada detalle recibido se est\u00e1 analizando con ayuda del Ministerio P\u00fablico, para no dejar pasar ninguna pista que pueda ser \u00fatil.<\/p>\n\n\n\n<p class=\"wp-block-paragraph\">Por su parte, la comunidad de Manabao contin\u00faa participando de forma activa. Los vecinos est\u00e1n ayudando en el rastreo y ofreciendo apoyo log\u00edstico y emocional a la familia de Rordani. Tambi\u00e9n se ha sumado la Direcci\u00f3n de Ni\u00f1os, Ni\u00f1as y Adolescentes, que est\u00e1 dando un acompa\u00f1amiento especializado a los familiares m\u00e1s cercanos, velando por su bienestar.<\/p>\n\n\n\n<p class=\"wp-block-paragraph\">Las autoridades han confirmado que las labores de b\u00fasqueda seguir\u00e1n durante el fin de semana. La estrategia incluye vigilancia permanente y el ingreso de nuevos refuerzos, con el objetivo de seguir buscando hasta obtener respuestas claras sobre el paradero del menor.<\/p>\n\n\n<iframe loading=\"lazy\" src=\"https:\/\/www.facebook.com\/plugins\/video.php?href=https%3A%2F%2Fwww.facebook.com%2Flavegamundial%2Fvideos%2F1112075567607912%2F%3Fref%3Dembed_video&#038;show_text=0&#038;width=476\" width=\"476\" height=\"476\" style=\"border:none;overflow:hidden\" scrolling=\"no\" frameborder=\"0\" allowfullscreen=\"true\" allow=\"autoplay; clipboard-write; encrypted-media; picture-in-picture; web-share\" allowFullScreen=\"true\"><\/iframe>","protected":false},"excerpt":{"rendered":"<p>Contin\u00faa la b\u00fasqueda del ni\u00f1o Rordani Calder\u00f3n en Manabao, La Vega, con m\u00e1s de 100 personas participando en operativos por zonas rurales y monta\u00f1osas. Desde el pasado domingo 30 de marzo, la comunidad del distrito municipal de Manabao, en Jarabacoa, La Vega, sigue esperando noticias sobre Roldany Calder\u00f3n, un ni\u00f1o de tres a\u00f1os que fue [&hellip;]<\/p>\n","protected":false},"author":1,"featured_media":8227,"comment_status":"open","ping_status":"open","sticky":false,"template":"","format":"standard","meta":{"footnotes":""},"categories":[1],"tags":[],"class_list":["post-8226","post","type-post","status-publish","format-standard","has-post-thumbnail","hentry","category-uncategorized"],"_links":{"self":[{"href":"https:\/\/rr.unv-informacion.xyz\/index.php?rest_route=\/wp\/v2\/posts\/8226","targetHints":{"allow":["GET"]}}],"collection":[{"href":"https:\/\/rr.unv-informacion.xyz\/index.php?rest_route=\/wp\/v2\/posts"}],"about":[{"href":"https:\/\/rr.unv-informacion.xyz\/index.php?rest_route=\/wp\/v2\/types\/post"}],"author":[{"embeddable":true,"href":"https:\/\/rr.unv-informacion.xyz\/index.php?rest_route=\/wp\/v2\/users\/1"}],"replies":[{"embeddable":true,"href":"https:\/\/rr.unv-informacion.xyz\/index.php?rest_route=%2Fwp%2Fv2%2Fcomments&post=8226"}],"version-history":[{"count":1,"href":"https:\/\/rr.unv-informacion.xyz\/index.php?rest_route=\/wp\/v2\/posts\/8226\/revisions"}],"predecessor-version":[{"id":8228,"href":"https:\/\/rr.unv-informacion.xyz\/index.php?rest_route=\/wp\/v2\/posts\/8226\/revisions\/8228"}],"wp:featuredmedia":[{"embeddable":true,"href":"https:\/\/rr.unv-informacion.xyz\/index.php?rest_route=\/wp\/v2\/media\/8227"}],"wp:attachment":[{"href":"https:\/\/rr.unv-informacion.xyz\/index.php?rest_route=%2Fwp%2Fv2%2Fmedia&parent=8226"}],"wp:term":[{"taxonomy":"category","embeddable":true,"href":"https:\/\/rr.unv-informacion.xyz\/index.php?rest_route=%2Fwp%2Fv2%2Fcategories&post=8226"},{"taxonomy":"post_tag","embeddable":true,"href":"https:\/\/rr.unv-informacion.xyz\/index.php?rest_route=%2Fwp%2Fv2%2Ftags&post=8226"}],"curies":[{"name":"wp","href":"https:\/\/api.w.org\/{rel}","templated":true}]}}