{"id":8229,"date":"2025-04-05T17:10:23","date_gmt":"2025-04-05T17:10:23","guid":{"rendered":"https:\/\/rr.unv-informacion.xyz\/?p=8229"},"modified":"2025-04-05T17:10:25","modified_gmt":"2025-04-05T17:10:25","slug":"nino-de-tres-anos-continua-desaparecido-en-zona-montanosa-de-jarabacoa","status":"publish","type":"post","link":"https:\/\/rr.unv-informacion.xyz\/?p=8229","title":{"rendered":"Ni\u00f1o de tres a\u00f1os contin\u00faa desaparecido en zona monta\u00f1osa de Jarabacoa"},"content":{"rendered":"\n<p class=\"wp-block-paragraph\">Roldanis Calder\u00f3n, de tres a\u00f1os, desapareci\u00f3 en Manabao, Jarabacoa; autoridades intensifican b\u00fasqueda en el Parque Nacional J. Armando Berm\u00fadez.<\/p>\n\n\n\n<p class=\"wp-block-paragraph\">Un domingo que parec\u00eda tranquilo, cambi\u00f3 de forma repentina en la comunidad de Manabao, en Jarabacoa, provincia La Vega. Roldanis Calder\u00f3n, un ni\u00f1o de tan solo tres a\u00f1os, desapareci\u00f3 sin dejar rastro mientras jugaba en el patio de una vivienda cercana al Parque Nacional J. Armando Berm\u00fadez.<\/p>\n\n\n\n<p class=\"wp-block-paragraph\">Desde ese momento, las autoridades y vecinos han estado involucrados en una intensa b\u00fasqueda para dar con su paradero.<\/p>\n\n\n\n<p class=\"wp-block-paragraph\">El suceso ocurri\u00f3 el pasado 30 de marzo, cuando Roldanis se encontraba acompa\u00f1ado de sus padres, Carolina Vargas Ure\u00f1a y Efra\u00edn Nicol\u00e1s Calder\u00f3n. La familia estaba de visita en el paraje Los Tablones, y seg\u00fan explic\u00f3 el padre, el ni\u00f1o jugaba junto a otras dos ni\u00f1as. En un momento de descuido, de apenas unos segundos, Roldanis desapareci\u00f3 de la vista de los adultos presentes.<\/p>\n\n\n\n<p class=\"wp-block-paragraph\">Seg\u00fan el comunicador Roberto Ure\u00f1a, \u201ctenemos una situaci\u00f3n con relaci\u00f3n con las informaciones, porque han prohibido pr\u00e1cticamente, las autoridades, han prohibido ofrecer declaraciones, salvo al vocero de la Polic\u00eda Nacional, quien ha dado algunas informaciones a los principales medios de comunicaci\u00f3n\u201d.<\/p>\n\n\n\n<p class=\"wp-block-paragraph\">Tambi\u00e9n expres\u00f3 que \u201centendemos como periodistas de profesi\u00f3n que esto es un tema de inter\u00e9s personal y que debieran ofrecer una rueda de prensa para que expliquen a toda la poblaci\u00f3n dominicana los avances del proceso de investigaci\u00f3n sobre la b\u00fasqueda del peque\u00f1o Roldany\u201d.<\/p>\n\n\n\n<p class=\"wp-block-paragraph\">Adem\u00e1s, entrevistaron a un t\u00edo en el lugar de los hechos, el cual aport\u00f3 m\u00e1s detalles sobre la investigaci\u00f3n: \u201cMi nombre es Cristian, yo dec\u00eda que solo nos mantienen retenidos a nosotros aqu\u00ed. No estamos en contra de que hagan las investigaciones, pero no somos responsables de ello. Entonces, no se han hecho levantamientos de lugar, no se est\u00e1n investigando a haitianos, que hay muchos por aqu\u00ed, no se est\u00e1n investigando algunos dominicanos que quiz\u00e1s tengan detalles o informaci\u00f3n relevante, sino que solo nos mantienen retenidos a nosotros\u201d.<\/p>\n\n\n\n<p class=\"wp-block-paragraph\">La noticia moviliz\u00f3 de inmediato a varias instituciones del Estado. El Ministerio P\u00fablico, la Direcci\u00f3n Central de Investigaci\u00f3n (Dicrim), la Polic\u00eda Nacional, el Ej\u00e9rcito, la Defensa Civil, guardaparques y brigadas del Ministerio de Medio Ambiente se unieron al operativo.<\/p>\n\n\n\n<p class=\"wp-block-paragraph\">Se han utilizado drones, c\u00e1maras t\u00e9rmicas, perros entrenados y equipos especializados en rescates para tratar de localizar al menor.<\/p>\n\n\n\n<p class=\"wp-block-paragraph\">La fiscal Olga Din\u00e1 Llaver\u00edas, quien lidera la Procuradur\u00eda Especializada en Ni\u00f1os, Ni\u00f1as y Adolescentes, asumi\u00f3 personalmente la direcci\u00f3n de las investigaciones.<\/p>\n\n\n\n<p class=\"wp-block-paragraph\">Bajo su coordinaci\u00f3n, se llev\u00f3 a cabo una reconstrucci\u00f3n del momento en que el ni\u00f1o fue visto por \u00faltima vez. En este proceso se revisaron los testimonios de testigos, la vegetaci\u00f3n de la zona y el curso del r\u00edo cercano al lugar de la desaparici\u00f3n.<\/p>\n\n\n\n<p class=\"wp-block-paragraph\">Mientras tanto, los padres de Roldanis han sido entrevistados por varias horas en el destacamento policial de Jarabacoa. Tambi\u00e9n han sido interrogados otros familiares, vecinos y personas que estuvieron presentes ese d\u00eda en el \u00e1rea de Los Tablones.<\/p>\n\n\n\n<p class=\"wp-block-paragraph\">La Polic\u00eda Nacional ha declarado que no escatimar\u00e1 esfuerzos ni recursos para encontrar al ni\u00f1o. Adem\u00e1s, pidi\u00f3 la colaboraci\u00f3n de toda la ciudadan\u00eda, solicitando que cualquier persona que tenga informaci\u00f3n se comunique con las autoridades.<\/p>\n\n\n\n<p class=\"wp-block-paragraph\">Las labores de b\u00fasqueda se han reforzado esta semana con m\u00e1s personal y nueva tecnolog\u00eda. Las brigadas han dirigido su atenci\u00f3n a \u00e1reas de dif\u00edcil acceso en la zona monta\u00f1osa del parque nacional.<\/p>\n\n\n\n<p class=\"wp-block-paragraph\">La comunidad de Manabao se ha unido con gran compromiso a la b\u00fasqueda, caminando largas distancias, colaborando con provisiones y ofreciendo su ayuda para encontrar a Roldanis. La esperanza de hallarlo con vida sigue firme en cada jornada.<\/p>\n\n\n\n<p class=\"wp-block-paragraph\">Los operativos continuar\u00e1n en marcha con prioridad m\u00e1xima, y las autoridades han reiterado el llamado a la poblaci\u00f3n a mantenerse vigilante y brindar cualquier dato que pueda ayudar en la investigaci\u00f3n.<\/p>\n\n\n\n<figure class=\"wp-block-embed is-type-video is-provider-youtube wp-block-embed-youtube wp-embed-aspect-16-9 wp-has-aspect-ratio\"><div class=\"wp-block-embed__wrapper\">\n<iframe loading=\"lazy\" title=\"Roldany Calder\u00f3n buscado por aire y tierra en Jarabacoa\" width=\"640\" height=\"360\" src=\"https:\/\/www.youtube.com\/embed\/qksDtBuj0Qk?feature=oembed\" frameborder=\"0\" allow=\"accelerometer; autoplay; clipboard-write; encrypted-media; gyroscope; picture-in-picture; web-share\" referrerpolicy=\"strict-origin-when-cross-origin\" allowfullscreen><\/iframe>\n<\/div><\/figure>\n","protected":false},"excerpt":{"rendered":"<p>Roldanis Calder\u00f3n, de tres a\u00f1os, desapareci\u00f3 en Manabao, Jarabacoa; autoridades intensifican b\u00fasqueda en el Parque Nacional J. Armando Berm\u00fadez. Un domingo que parec\u00eda tranquilo, cambi\u00f3 de forma repentina en la comunidad de Manabao, en Jarabacoa, provincia La Vega. Roldanis Calder\u00f3n, un ni\u00f1o de tan solo tres a\u00f1os, desapareci\u00f3 sin dejar rastro mientras jugaba en el [&hellip;]<\/p>\n","protected":false},"author":1,"featured_media":8230,"comment_status":"open","ping_status":"open","sticky":false,"template":"","format":"standard","meta":{"footnotes":""},"categories":[1],"tags":[],"class_list":["post-8229","post","type-post","status-publish","format-standard","has-post-thumbnail","hentry","category-uncategorized"],"_links":{"self":[{"href":"https:\/\/rr.unv-informacion.xyz\/index.php?rest_route=\/wp\/v2\/posts\/8229","targetHints":{"allow":["GET"]}}],"collection":[{"href":"https:\/\/rr.unv-informacion.xyz\/index.php?rest_route=\/wp\/v2\/posts"}],"about":[{"href":"https:\/\/rr.unv-informacion.xyz\/index.php?rest_route=\/wp\/v2\/types\/post"}],"author":[{"embeddable":true,"href":"https:\/\/rr.unv-informacion.xyz\/index.php?rest_route=\/wp\/v2\/users\/1"}],"replies":[{"embeddable":true,"href":"https:\/\/rr.unv-informacion.xyz\/index.php?rest_route=%2Fwp%2Fv2%2Fcomments&post=8229"}],"version-history":[{"count":1,"href":"https:\/\/rr.unv-informacion.xyz\/index.php?rest_route=\/wp\/v2\/posts\/8229\/revisions"}],"predecessor-version":[{"id":8231,"href":"https:\/\/rr.unv-informacion.xyz\/index.php?rest_route=\/wp\/v2\/posts\/8229\/revisions\/8231"}],"wp:featuredmedia":[{"embeddable":true,"href":"https:\/\/rr.unv-informacion.xyz\/index.php?rest_route=\/wp\/v2\/media\/8230"}],"wp:attachment":[{"href":"https:\/\/rr.unv-informacion.xyz\/index.php?rest_route=%2Fwp%2Fv2%2Fmedia&parent=8229"}],"wp:term":[{"taxonomy":"category","embeddable":true,"href":"https:\/\/rr.unv-informacion.xyz\/index.php?rest_route=%2Fwp%2Fv2%2Fcategories&post=8229"},{"taxonomy":"post_tag","embeddable":true,"href":"https:\/\/rr.unv-informacion.xyz\/index.php?rest_route=%2Fwp%2Fv2%2Ftags&post=8229"}],"curies":[{"name":"wp","href":"https:\/\/api.w.org\/{rel}","templated":true}]}}