{"id":8238,"date":"2025-04-05T17:23:27","date_gmt":"2025-04-05T17:23:27","guid":{"rendered":"https:\/\/rr.unv-informacion.xyz\/?p=8238"},"modified":"2025-04-05T17:23:27","modified_gmt":"2025-04-05T17:23:27","slug":"el-dotol-nastra-revela-10-desapariciones-sin-resolver-en-manabao","status":"publish","type":"post","link":"https:\/\/rr.unv-informacion.xyz\/?p=8238","title":{"rendered":"El Dotol Nastra revela 10 desapariciones sin resolver en Manabao"},"content":{"rendered":"\n<p class=\"wp-block-paragraph\">La sierra de Manabao guarda m\u00e1s secretos de los que sus paisajes revelan.<\/p>\n\n\n\n<p class=\"wp-block-paragraph\">Esta vez, no fue una historia contada en un caf\u00e9 ni un rumor entre vecinos: fue un minucioso mini documental realizado por el creador de contenido El Dotol Nastra, el cual ha removido la conciencia colectiva de todo el pa\u00eds al exponer una serie de desapariciones en esta localidad enclavada en la cordillera central.<\/p>\n\n\n\n<p class=\"wp-block-paragraph\">El mini documental, publicado en YouTube, relata con detalle las desapariciones de al menos 10 personas, entre ellas ni\u00f1os y adultos, ocurridas en los \u00faltimos a\u00f1os en el distrito municipal de Manabao, perteneciente a Jarabacoa.<\/p>\n\n\n\n<p class=\"wp-block-paragraph\">Todo comenz\u00f3 con la m\u00e1s reciente desaparici\u00f3n de Roldany Calder\u00f3n Ure\u00f1a, un ni\u00f1o de solo tres a\u00f1os, vista por \u00faltima vez el domingo 30 de marzo de 2025 mientras jugaba en una zona boscosa pr\u00f3xima al Parque Nacional J. Armando Berm\u00fadez.<\/p>\n\n\n\n<p class=\"wp-block-paragraph\">El video, grabado en terreno por El Dotol Nastra, recoge testimonios escalofriantes de moradores, voluntarios y gu\u00edas tur\u00edsticos que han participado en los operativos de b\u00fasqueda. \u201cAqu\u00ed ya se han perdido m\u00e1s de diez personas y no se encuentra rastro de ninguna\u201d, dice uno de los comunitarios entrevistados.<\/p>\n\n\n\n<p class=\"wp-block-paragraph\">El documental muestra adem\u00e1s im\u00e1genes captadas por drones, como una prenda de vestir blanco con azul, hallada en medio del monte, lo que reaviv\u00f3 el temor de que algo fuera de lo com\u00fan est\u00e1 ocurriendo en la zona.<\/p>\n\n\n\n<p class=\"wp-block-paragraph\">Lo que m\u00e1s estremeci\u00f3 a los seguidores del mini documental fue la inclusi\u00f3n del relato del desaparecido \u201cViejo Lolo\u201d, quien antes de extraviarse en diciembre del 2024, narr\u00f3 una historia antigua donde supuestos ind\u00edgenas se llevaban ni\u00f1os \u201csin conocimiento\u201d para criarlos.<\/p>\n\n\n\n<p class=\"wp-block-paragraph\">Seg\u00fan su versi\u00f3n, una india rechaz\u00f3 a un ni\u00f1o porque ya sab\u00eda hablar, y por eso lo devolvieron. Estas leyendas, aunque parecieran folcl\u00f3ricas, hoy adquieren otra dimensi\u00f3n frente a los hechos actuales.<\/p>\n\n\n\n<p class=\"wp-block-paragraph\">Los testimonios grabados por El Dotol Nastra dejan claro que el miedo se ha instalado en Manabao. Padres que no se atreven a dejar solos a sus hijos, turistas que han dejado de visitar la zona, y familias que viven con la angustia de no tener noticias de sus seres queridos.<\/p>\n\n\n\n<p class=\"wp-block-paragraph\">Entre los nombres mencionados se encuentran personas como Justo en Pino de Rayo, otro ni\u00f1o en Angostura, y el hermano de una se\u00f1ora que desapareci\u00f3 hace ocho a\u00f1os mientras trabajaba.<\/p>\n\n\n\n<p class=\"wp-block-paragraph\">El mini documental tambi\u00e9n se\u00f1ala la falta de acci\u00f3n efectiva por parte de las autoridades. Pobladores denuncian que algunas desapariciones fueron ignoradas por tratarse de familias humildes, mientras otras, como la del Viejo Lolo, recibieron atenci\u00f3n medi\u00e1tica debido a su presencia en redes sociales. \u201cAqu\u00ed hay muy poco patrullaje, la zona es vulnerable\u201d, se\u00f1ala uno de los entrevistados.<\/p>\n\n\n\n<p class=\"wp-block-paragraph\">Gracias al trabajo de El Dotol Nastra, Rep\u00fablica Dominicana ha sido puesta de frente ante un misterio que ha sido ignorado por a\u00f1os. Desde hoy, la comunidad de Manabao clama por una respuesta estatal firme y sostenida.<\/p>\n\n\n\n<p class=\"wp-block-paragraph\">Lo que comenz\u00f3 como un caso individual, se ha convertido en un espejo de una realidad silenciada: personas que desaparecen sin explicaci\u00f3n, sin rastro, sin justicia.<\/p>\n\n\n\n<p class=\"wp-block-paragraph\">Este mini documental no solo documenta, sino que denuncia. Hace visible lo invisible, y obliga a mirar hacia lo que muchos prefer\u00edan callar.<\/p>\n\n\n\n<p class=\"wp-block-paragraph\">Mientras tanto, la comunidad sigue esperando noticias del peque\u00f1o Roldany, y se aferra a la esperanza de que la verdad no se quede enterrada entre las monta\u00f1as.<\/p>\n\n\n\n<figure class=\"wp-block-embed is-type-video is-provider-youtube wp-block-embed-youtube wp-embed-aspect-16-9 wp-has-aspect-ratio\"><div class=\"wp-block-embed__wrapper\">\n<iframe loading=\"lazy\" title=\"MINI DOCUMENTAL: 10 DESAPARICIONES EN MANABAO \ud83d\udc6e\ud83c\udfd4\ufe0f EL DOTOL NASTRA\" width=\"640\" height=\"360\" src=\"https:\/\/www.youtube.com\/embed\/kAXJPYEGDV8?feature=oembed\" frameborder=\"0\" allow=\"accelerometer; autoplay; clipboard-write; encrypted-media; gyroscope; picture-in-picture; web-share\" referrerpolicy=\"strict-origin-when-cross-origin\" allowfullscreen><\/iframe>\n<\/div><\/figure>\n","protected":false},"excerpt":{"rendered":"<p>La sierra de Manabao guarda m\u00e1s secretos de los que sus paisajes revelan. Esta vez, no fue una historia contada en un caf\u00e9 ni un rumor entre vecinos: fue un minucioso mini documental realizado por el creador de contenido El Dotol Nastra, el cual ha removido la conciencia colectiva de todo el pa\u00eds al exponer [&hellip;]<\/p>\n","protected":false},"author":1,"featured_media":8239,"comment_status":"open","ping_status":"open","sticky":false,"template":"","format":"standard","meta":{"footnotes":""},"categories":[1],"tags":[],"class_list":["post-8238","post","type-post","status-publish","format-standard","has-post-thumbnail","hentry","category-uncategorized"],"_links":{"self":[{"href":"https:\/\/rr.unv-informacion.xyz\/index.php?rest_route=\/wp\/v2\/posts\/8238","targetHints":{"allow":["GET"]}}],"collection":[{"href":"https:\/\/rr.unv-informacion.xyz\/index.php?rest_route=\/wp\/v2\/posts"}],"about":[{"href":"https:\/\/rr.unv-informacion.xyz\/index.php?rest_route=\/wp\/v2\/types\/post"}],"author":[{"embeddable":true,"href":"https:\/\/rr.unv-informacion.xyz\/index.php?rest_route=\/wp\/v2\/users\/1"}],"replies":[{"embeddable":true,"href":"https:\/\/rr.unv-informacion.xyz\/index.php?rest_route=%2Fwp%2Fv2%2Fcomments&post=8238"}],"version-history":[{"count":1,"href":"https:\/\/rr.unv-informacion.xyz\/index.php?rest_route=\/wp\/v2\/posts\/8238\/revisions"}],"predecessor-version":[{"id":8240,"href":"https:\/\/rr.unv-informacion.xyz\/index.php?rest_route=\/wp\/v2\/posts\/8238\/revisions\/8240"}],"wp:featuredmedia":[{"embeddable":true,"href":"https:\/\/rr.unv-informacion.xyz\/index.php?rest_route=\/wp\/v2\/media\/8239"}],"wp:attachment":[{"href":"https:\/\/rr.unv-informacion.xyz\/index.php?rest_route=%2Fwp%2Fv2%2Fmedia&parent=8238"}],"wp:term":[{"taxonomy":"category","embeddable":true,"href":"https:\/\/rr.unv-informacion.xyz\/index.php?rest_route=%2Fwp%2Fv2%2Fcategories&post=8238"},{"taxonomy":"post_tag","embeddable":true,"href":"https:\/\/rr.unv-informacion.xyz\/index.php?rest_route=%2Fwp%2Fv2%2Ftags&post=8238"}],"curies":[{"name":"wp","href":"https:\/\/api.w.org\/{rel}","templated":true}]}}