{"id":8249,"date":"2025-04-06T22:11:33","date_gmt":"2025-04-06T22:11:33","guid":{"rendered":"https:\/\/rr.unv-informacion.xyz\/?p=8249"},"modified":"2025-04-06T22:11:34","modified_gmt":"2025-04-06T22:11:34","slug":"esta-medida-forma-parte-de-las-investigaciones","status":"publish","type":"post","link":"https:\/\/rr.unv-informacion.xyz\/?p=8249","title":{"rendered":"Esta medida forma parte de las investigaciones"},"content":{"rendered":"\n<p class=\"wp-block-paragraph\">El Ministerio P\u00fablico retuvo a dos ni\u00f1as relacionadas con el caso de desaparici\u00f3n de Roldanis Calder\u00f3n en La Vega, como parte de la investigaci\u00f3n.<\/p>\n\n\n\n<p class=\"wp-block-paragraph\">El Ministerio P\u00fablico de La Vega tom\u00f3 la decisi\u00f3n de retener este s\u00e1bado a dos ni\u00f1as vinculadas con el caso de la desaparici\u00f3n de Roldanis Calder\u00f3n, un ni\u00f1o que se encuentra desaparecido. Esta medida forma parte de las investigaciones que buscan esclarecer el paradero del menor.<\/p>\n\n\n\n<p class=\"wp-block-paragraph\">El abogado de la familia Calder\u00f3n, Ram\u00f3n Cabral, explic\u00f3 en una entrevista con el corresponsal Jos\u00e9 Luis Rodr\u00edguez que las ni\u00f1as retenidas son la hermana y una prima del ni\u00f1o desaparecido.<\/p>\n\n\n\n<p class=\"wp-block-paragraph\">Ambas fueron puestas bajo custodia de las autoridades, quienes las someter\u00e1n a evaluaciones psicol\u00f3gicas. Esta medida fue tomada con el objetivo de obtener informaci\u00f3n que pudiera ser \u00fatil para encontrar a Roldanis Calder\u00f3n.<\/p>\n\n\n\n<p class=\"wp-block-paragraph\">Cabral precis\u00f3 que la decisi\u00f3n fue tomada en base a una orden de la procuradora fiscal Viviana Mena Paulino, quien est\u00e1 supervisando las investigaciones en este caso. El abogado agreg\u00f3 que la idea principal de retener a las menores es tratar de conseguir elementos que puedan ayudar en la b\u00fasqueda del ni\u00f1o.<\/p>\n\n\n\n<p class=\"wp-block-paragraph\">\u201cLas ni\u00f1as est\u00e1n bajo la supervisi\u00f3n del Ministerio P\u00fablico, psic\u00f3logos y m\u00e9dicos legistas\u201c, coment\u00f3 Cabral.<\/p>\n\n\n\n<p class=\"wp-block-paragraph\">Este caso, que involucra la desaparici\u00f3n de un menor, est\u00e1 siendo manejado por la Procuradur\u00eda de Ni\u00f1os, Ni\u00f1as y Adolescentes. Adem\u00e1s, la retenci\u00f3n de las ni\u00f1as se lleva a cabo bajo el marco de la Ley 136-03, que regula los derechos y garant\u00edas de los ni\u00f1os, ni\u00f1as y adolescentes en la Rep\u00fablica Dominicana.<\/p>\n\n\n\n<p class=\"wp-block-paragraph\">Esta ley protege los derechos de los menores y asegura que todas las diligencias relacionadas con su bienestar se hagan de acuerdo a los procedimientos legales establecidos.<\/p>\n\n\n\n<p class=\"wp-block-paragraph\">Por razones legales, las identidades de las menores que fueron retenidas no se han revelado y se mantienen en reserva. Esto se hace para proteger su privacidad y garantizar que se sigan los procedimientos correctos en este tipo de casos.<\/p>\n\n\n\n<p class=\"wp-block-paragraph\">La investigaci\u00f3n contin\u00faa con la esperanza de que se puedan obtener m\u00e1s detalles sobre la desaparici\u00f3n de Roldanis Calder\u00f3n.<\/p>\n\n\n\n<p class=\"wp-block-paragraph\">Es importante destacar que las autoridades est\u00e1n trabajando para esclarecer este caso y dar con el paradero del ni\u00f1o, manteniendo en todo momento el cumplimiento de las leyes y los derechos de los involucrados.<\/p>\n","protected":false},"excerpt":{"rendered":"<p>El Ministerio P\u00fablico retuvo a dos ni\u00f1as relacionadas con el caso de desaparici\u00f3n de Roldanis Calder\u00f3n en La Vega, como parte de la investigaci\u00f3n. El Ministerio P\u00fablico de La Vega tom\u00f3 la decisi\u00f3n de retener este s\u00e1bado a dos ni\u00f1as vinculadas con el caso de la desaparici\u00f3n de Roldanis Calder\u00f3n, un ni\u00f1o que se encuentra [&hellip;]<\/p>\n","protected":false},"author":1,"featured_media":8250,"comment_status":"open","ping_status":"open","sticky":false,"template":"","format":"standard","meta":{"footnotes":""},"categories":[1],"tags":[],"class_list":["post-8249","post","type-post","status-publish","format-standard","has-post-thumbnail","hentry","category-uncategorized"],"_links":{"self":[{"href":"https:\/\/rr.unv-informacion.xyz\/index.php?rest_route=\/wp\/v2\/posts\/8249","targetHints":{"allow":["GET"]}}],"collection":[{"href":"https:\/\/rr.unv-informacion.xyz\/index.php?rest_route=\/wp\/v2\/posts"}],"about":[{"href":"https:\/\/rr.unv-informacion.xyz\/index.php?rest_route=\/wp\/v2\/types\/post"}],"author":[{"embeddable":true,"href":"https:\/\/rr.unv-informacion.xyz\/index.php?rest_route=\/wp\/v2\/users\/1"}],"replies":[{"embeddable":true,"href":"https:\/\/rr.unv-informacion.xyz\/index.php?rest_route=%2Fwp%2Fv2%2Fcomments&post=8249"}],"version-history":[{"count":1,"href":"https:\/\/rr.unv-informacion.xyz\/index.php?rest_route=\/wp\/v2\/posts\/8249\/revisions"}],"predecessor-version":[{"id":8251,"href":"https:\/\/rr.unv-informacion.xyz\/index.php?rest_route=\/wp\/v2\/posts\/8249\/revisions\/8251"}],"wp:featuredmedia":[{"embeddable":true,"href":"https:\/\/rr.unv-informacion.xyz\/index.php?rest_route=\/wp\/v2\/media\/8250"}],"wp:attachment":[{"href":"https:\/\/rr.unv-informacion.xyz\/index.php?rest_route=%2Fwp%2Fv2%2Fmedia&parent=8249"}],"wp:term":[{"taxonomy":"category","embeddable":true,"href":"https:\/\/rr.unv-informacion.xyz\/index.php?rest_route=%2Fwp%2Fv2%2Fcategories&post=8249"},{"taxonomy":"post_tag","embeddable":true,"href":"https:\/\/rr.unv-informacion.xyz\/index.php?rest_route=%2Fwp%2Fv2%2Ftags&post=8249"}],"curies":[{"name":"wp","href":"https:\/\/api.w.org\/{rel}","templated":true}]}}