{"id":8252,"date":"2025-04-06T22:14:49","date_gmt":"2025-04-06T22:14:49","guid":{"rendered":"https:\/\/rr.unv-informacion.xyz\/?p=8252"},"modified":"2025-04-06T22:14:50","modified_gmt":"2025-04-06T22:14:50","slug":"nuria-y-lo-que-encontro-tras-investigar-caso-de-roldany-calderon-en-jarabacoa","status":"publish","type":"post","link":"https:\/\/rr.unv-informacion.xyz\/?p=8252","title":{"rendered":"Nuria y lo que encontr\u00f3 tras investigar caso de Roldany Calder\u00f3n en Jarabacoa"},"content":{"rendered":"\n<p class=\"wp-block-paragraph\">Contin\u00faa la intensa b\u00fasqueda del ni\u00f1o Roldany Calder\u00f3n en Jarabacoa, con tecnolog\u00eda y equipos especiales en la zona de Los Tablones, Manabao.<\/p>\n\n\n\n<p class=\"wp-block-paragraph\">Jarabacoa, La Vega.- La desaparici\u00f3n de Roldany Calder\u00f3n Ure\u00f1a, un ni\u00f1o de tres a\u00f1os, mantiene en alerta a la comunidad de Jarabacoa, en la provincia de La Vega. El peque\u00f1o fue visto por \u00faltima vez el domingo 30 de marzo en el patio de una vivienda ubicada en Los Tablones, Manabao, durante una reuni\u00f3n familiar.<\/p>\n\n\n\n<p class=\"wp-block-paragraph\">Seg\u00fan los reportes, el ni\u00f1o jugaba descalzo con una botella pl\u00e1stica junto a su hermana y otro menor, cerca de una zona boscosa contigua al Parque Nacional J. Armando Berm\u00fadez. De forma repentina, Roldany desapareci\u00f3 sin dejar rastro.<\/p>\n\n\n\n<p class=\"wp-block-paragraph\">Desde entonces, autoridades, rescatistas y voluntarios han desplegado un amplio operativo de b\u00fasqueda en la monta\u00f1a, utilizando tecnolog\u00eda avanzada y un gran equipo humano. La periodista Nuria Piera document\u00f3 el esfuerzo, acompa\u00f1ando a los grupos que recorren el terreno accidentado de la Cordillera Central.<\/p>\n\n\n\n<p class=\"wp-block-paragraph\">Por su parte, la reconocida presentadora de N Digital, Nuria Piera, public\u00f3 un reciente documental en sus plataformas, donde obtuvo nuevos detalles en relaci\u00f3n con la investigaci\u00f3n del caso.<\/p>\n\n\n\n<p class=\"wp-block-paragraph\">En un segmento del programa, la presentadora convers\u00f3 con el coronel Diego Pesqueira, vocero de la Polic\u00eda Nacional, a quien le pregunt\u00f3 hasta qu\u00e9 d\u00eda ustedes (las autoridades) pretenden llegar con la b\u00fasqueda.<\/p>\n\n\n\n<p class=\"wp-block-paragraph\">\u201c\u00bfHasta qu\u00e9 d\u00eda ustedes pretenden llegar? Porque yo me imagino que llega un momento en que se hace todo este esfuerzo descomunal, esta b\u00fasqueda, pero llega un momento en que si es infructuosa, amenora\u201d.<\/p>\n\n\n\n<p class=\"wp-block-paragraph\">El vocero le respondi\u00f3: \u201cNo hay un tiempo establecido para la b\u00fasqueda. Hasta el momento se va a seguir trabajando. La Polic\u00eda Nacional no tenemos esa respuesta si no, los que est\u00e1n a cargo de la investigaci\u00f3n\u201d.<\/p>\n\n\n\n<p class=\"wp-block-paragraph\">\u201cEn tu experiencia, si ya han pasado m\u00e1s de 48 horas y no se ha encontrado nada, \u00bfno son buenas noticias?\u201d, dijo Nuria, y el oficial le respondi\u00f3 que se est\u00e1 trabajando y que las investigaciones tienen distintas fases, por lo que \u201chay que esperar\u201d.<\/p>\n\n\n\n<p class=\"wp-block-paragraph\">El centro de operaciones fue instalado a m\u00e1s de 20 minutos a pie de la vivienda, cruzando caminos escarpados y dos r\u00edos, sin acceso para veh\u00edculos tradicionales. La fiscal Olga Din\u00e1 Llaver\u00edas lidera la investigaci\u00f3n, junto a fiscales locales, el Ej\u00e9rcito, la Defensa Civil, la Cruz Roja, el Cuerpo de Bomberos, la Polic\u00eda Nacional, el CEMPA y unidades especiales como los Cazadores de Constanza.<\/p>\n\n\n\n<p class=\"wp-block-paragraph\">Las labores de b\u00fasqueda incluyen el uso de drones con c\u00e1maras t\u00e9rmicas, inteligencia artificial, tecnolog\u00eda de georreferencia y perros especializados.<\/p>\n\n\n\n<p class=\"wp-block-paragraph\">El perro Chito, de la Unidad Humanitaria de Rescate, marc\u00f3 un \u00e1rea cercana al r\u00edo donde se cree que el ni\u00f1o camin\u00f3, pero el rastro se perdi\u00f3, aumentando la incertidumbre.<\/p>\n\n\n\n<p class=\"wp-block-paragraph\">Hasta el momento, las c\u00e1maras t\u00e9rmicas han explorado amplias zonas sin encontrar se\u00f1ales claras del paradero de Roldany. Algunos testigos indicaron que la casa donde desapareci\u00f3 ten\u00eda una sola salida y que nadie vio al ni\u00f1o alejarse.<\/p>\n\n\n\n<p class=\"wp-block-paragraph\">El mi\u00e9rcoles pasado, la Fiscal\u00eda y la Polic\u00eda Nacional realizaron una reconstrucci\u00f3n detallada de los hechos, colocando a las m\u00e1s de 12 personas presentes en sus posiciones al momento de la desaparici\u00f3n. Esta acci\u00f3n permiti\u00f3 cotejar los testimonios y buscar contradicciones, aunque las autoridades no han revelado resultados, manteniendo el car\u00e1cter reservado de la investigaci\u00f3n.<\/p>\n\n\n\n<p class=\"wp-block-paragraph\">La comunidad sigue atenta a cualquier avance en la b\u00fasqueda de Roldany Calder\u00f3n, esperando noticias sobre el paradero del peque\u00f1o.<\/p>\n\n\n\n<figure class=\"wp-block-embed is-type-video is-provider-youtube wp-block-embed-youtube wp-embed-aspect-16-9 wp-has-aspect-ratio\"><div class=\"wp-block-embed__wrapper\">\n<iframe loading=\"lazy\" title=\"\u00bfC\u00f3mo avanza b\u00fasqueda de Roldany Calder\u00f3n en Jarabacoa?\" width=\"640\" height=\"360\" src=\"https:\/\/www.youtube.com\/embed\/e507Rt_M6Ls?feature=oembed\" frameborder=\"0\" allow=\"accelerometer; autoplay; clipboard-write; encrypted-media; gyroscope; picture-in-picture; web-share\" referrerpolicy=\"strict-origin-when-cross-origin\" allowfullscreen><\/iframe>\n<\/div><\/figure>\n","protected":false},"excerpt":{"rendered":"<p>Contin\u00faa la intensa b\u00fasqueda del ni\u00f1o Roldany Calder\u00f3n en Jarabacoa, con tecnolog\u00eda y equipos especiales en la zona de Los Tablones, Manabao. Jarabacoa, La Vega.- La desaparici\u00f3n de Roldany Calder\u00f3n Ure\u00f1a, un ni\u00f1o de tres a\u00f1os, mantiene en alerta a la comunidad de Jarabacoa, en la provincia de La Vega. El peque\u00f1o fue visto por [&hellip;]<\/p>\n","protected":false},"author":1,"featured_media":8253,"comment_status":"open","ping_status":"open","sticky":false,"template":"","format":"standard","meta":{"footnotes":""},"categories":[1],"tags":[],"class_list":["post-8252","post","type-post","status-publish","format-standard","has-post-thumbnail","hentry","category-uncategorized"],"_links":{"self":[{"href":"https:\/\/rr.unv-informacion.xyz\/index.php?rest_route=\/wp\/v2\/posts\/8252","targetHints":{"allow":["GET"]}}],"collection":[{"href":"https:\/\/rr.unv-informacion.xyz\/index.php?rest_route=\/wp\/v2\/posts"}],"about":[{"href":"https:\/\/rr.unv-informacion.xyz\/index.php?rest_route=\/wp\/v2\/types\/post"}],"author":[{"embeddable":true,"href":"https:\/\/rr.unv-informacion.xyz\/index.php?rest_route=\/wp\/v2\/users\/1"}],"replies":[{"embeddable":true,"href":"https:\/\/rr.unv-informacion.xyz\/index.php?rest_route=%2Fwp%2Fv2%2Fcomments&post=8252"}],"version-history":[{"count":1,"href":"https:\/\/rr.unv-informacion.xyz\/index.php?rest_route=\/wp\/v2\/posts\/8252\/revisions"}],"predecessor-version":[{"id":8254,"href":"https:\/\/rr.unv-informacion.xyz\/index.php?rest_route=\/wp\/v2\/posts\/8252\/revisions\/8254"}],"wp:featuredmedia":[{"embeddable":true,"href":"https:\/\/rr.unv-informacion.xyz\/index.php?rest_route=\/wp\/v2\/media\/8253"}],"wp:attachment":[{"href":"https:\/\/rr.unv-informacion.xyz\/index.php?rest_route=%2Fwp%2Fv2%2Fmedia&parent=8252"}],"wp:term":[{"taxonomy":"category","embeddable":true,"href":"https:\/\/rr.unv-informacion.xyz\/index.php?rest_route=%2Fwp%2Fv2%2Fcategories&post=8252"},{"taxonomy":"post_tag","embeddable":true,"href":"https:\/\/rr.unv-informacion.xyz\/index.php?rest_route=%2Fwp%2Fv2%2Ftags&post=8252"}],"curies":[{"name":"wp","href":"https:\/\/api.w.org\/{rel}","templated":true}]}}